{"id":61,"date":"2006-09-08T09:26:00","date_gmt":"2006-09-08T07:26:00","guid":{"rendered":"http:\/\/lapecera.ch\/?p=61"},"modified":"2006-09-08T09:26:00","modified_gmt":"2006-09-08T07:26:00","slug":"vuela-libre-pequeno-saltamontes","status":"publish","type":"post","link":"https:\/\/blog.lapecera.ch\/?p=61","title":{"rendered":"Vuela libre, peque\u00f1o saltamontes"},"content":{"rendered":"<p>Pero vuela fuera de mi casa, \u00a1le\u00f1e!<\/p>\n<p>Esto&#8230; Ayer por la noche pensaba hacer la maleta, poner las \u00faltimas lavadoras y hacer una \u00faltima entrada antes de mis vacaciones para contaros la an\u00e9cdota del d\u00eda en que cant\u00e9 delante de 500 personas en un club de Z\u00fcrich. Lo que pasa es que cuando llegu\u00e9 a casa a las 7, encend\u00ed el port\u00e1til y lo conect\u00e9 a la cadena de m\u00fasica para cantar un poco con Lucie Silvas (entre otros). Entonces le vi y \u00e9l me vio y yo sal\u00ed corriendo en busca de mi salvador&#8230; pero nada que a mi salvador casi le da un yuyu cuando el bicho sali\u00f3 volando desde la estanter\u00eda de los DVDs en direcci\u00f3n a&#8230; \u00a1mi port\u00e1til!<img decoding=\"async\" style=\"FLOAT: right; MARGIN: 10px 0px 10px 10px; CURSOR: hand\" alt=\"El bicho de marras\" src=\"http:\/\/www.lapecera.ch\/saltamontes.jpg\" height=\"200\" border=\"0\" \/><\/p>\n<p>S\u00ed, como lo o\u00eds, a riesgo de que os descojon\u00e9is de m\u00ed (como yo lo hice ayer de m\u00ed misma y de mi contrario). Ayer un saltamontes tom\u00f3 posesi\u00f3n de nuestro sal\u00f3n y no quer\u00eda irse&#8230; o m\u00e1s bien, no encontraba la puerta de salida xDDD Despu\u00e9s de dejarle revolotear por el sal\u00f3n durante media hora, en la que cerramos la puerta y abrimos la ventana a ver si pillaba las de Villadiego, volv\u00ed a recuperar mi ordenador, porque se hab\u00eda quedado dentro. \u00a1Y un huevo de palomo que voy a buscar el aparato de marras con un bicho de esos cerca!! >.< Pens\u00e1bamos que el peque\u00f1o saltamontes, que de peque\u00f1o no ten\u00eda nada, se hab\u00eda ido ya, pero no... All\u00ed segu\u00eda detr\u00e1s de la cadena de m\u00fasica. Christoph y yo nos acomodamos en la puerta del sal\u00f3n medio cerrada y le observamos. Cada vez que se mov\u00eda solt\u00e1bamos un grito y sal\u00edamos corriendo xDDD \n\nLe hice hasta una foto&#8230; al saltamontes, se sobreentiende. El sal\u00f3n con las luces encendidas las ventanas abiertas y que el bicho no sal\u00eda le\u00f1e. Se empe\u00f1\u00f3 en darse paseos por encima del marco de las ventanas y cada dos por tres se ca\u00eda. A la tercera Christoph lo espant\u00f3 con una revista y el insectu esti se enganch\u00f3 de uno de mis candelabros de Ikea. Chris aprovech\u00f3 y puso el candelabro con el bicho fuera y cerr\u00f3 la ventana xDDDDDDDDDDDDDDDDDDDDDDDDDDDDDDDDDDDDD Como media hora m\u00e1s tarde recuper\u00e9 el candelabro xDDD\n\nEsa es la raz\u00f3n por la que ayer apenas me conect\u00e9 por la noche y tampoco tuve tiempo de escribir la entrada que yo ten\u00eda en mente&#8230; Mi madre se mor\u00eda de risa cuando se lo cont\u00e9 y no es para menos. Yo misma me mor\u00eda de risa de lo est\u00fapidos que est\u00e1bamos siendo, sobre todo, yo que de peque\u00f1a sol\u00eda ir al prao a cazar saltamontes <img decoding=\"async\" src=\"http:\/\/www.lauragallego.com\/phpBB2\/images\/smiles\/crazy.gif\" border=\"0\"><\/p>\n<p>Dejando aparte el tema saltamontes&#8230; Las fotos no han llegado >.< As\u00ed que tendr\u00e9is que esperar 10 d\u00edas. Hoy por la tarde empiezan mis vacaciones y a\u00fan tengo que terminar de preparar la maleta. Antes de irme voy a ver si cambio la canci\u00f3n de La Gramola y cuelgo la foto del saltamontes para que os ri\u00e1is a gusto y con raz\u00f3n.\n\nPor \u00faltimo os dejo la cita del d\u00eda que me trae hoy mi Google. Es del gran Terry Pratchett y me ha hecho mucha gracia.\n\n<blockquote>The trouble with having an open mind, of course, is that people will insist on coming along and trying to put things in it.<\/p><\/blockquote>\n<p>Que disfrut\u00e9is del fin de semana y de la semana que viene \ud83d\ude09<\/p>\n<p>Con esto y un bizcocho&#8230; Besos<br \/>Cris<\/p>\n<p>PD: Abrid las botellas de champ\u00e1n, que mi blog acaba de alcanzar las 60 entradas&#8230; \u00a1\u00a1Yujuuuuu!!<br \/>PD2: Estaba pensando en cambiar los comentarios a Haloscan, pero si lo hago los comentarios que ya tengo se ir\u00e1n a freir esp\u00e1rragos (bueno, no, se quedan guardados en blogger), no s\u00e9 qu\u00e9 hacer, \u00a1jo! Lo consultar\u00e9 con los tiroleses \ud83d\ude09<br \/>PD3: <font size=4><a href=\"http:\/\/picasaweb.google.com\/papalbina\/Canyoning26806\" target=\"_blank\">LAS FOTOS DEL CANYONING HAN LLEGADO<\/a><\/font> De momento son s\u00f3lo las m\u00edas pero ya me agenciar\u00e9 de alguna de mis compa\u00f1eros (evidentemente sin su consentimiento :P) y las colgar\u00e9 cuando vuelva \ud83d\ude09<\/p>\n","protected":false},"excerpt":{"rendered":"<p>Pero vuela fuera de mi casa, \u00a1le\u00f1e! Esto&#8230; Ayer por la noche pensaba hacer la maleta, poner las \u00faltimas lavadoras y hacer una \u00faltima entrada antes de mis vacaciones para contaros la an\u00e9cdota del d\u00eda en que cant\u00e9 delante de 500 personas en un club de Z\u00fcrich. Lo que pasa es que cuando llegu\u00e9 a [&hellip;]<\/p>\n","protected":false},"author":3,"featured_media":0,"comment_status":"open","ping_status":"closed","sticky":false,"template":"","format":"standard","meta":{"footnotes":""},"categories":[],"tags":[],"class_list":["post-61","post","type-post","status-publish","format-standard","hentry"],"_links":{"self":[{"href":"https:\/\/blog.lapecera.ch\/index.php?rest_route=\/wp\/v2\/posts\/61","targetHints":{"allow":["GET"]}}],"collection":[{"href":"https:\/\/blog.lapecera.ch\/index.php?rest_route=\/wp\/v2\/posts"}],"about":[{"href":"https:\/\/blog.lapecera.ch\/index.php?rest_route=\/wp\/v2\/types\/post"}],"author":[{"embeddable":true,"href":"https:\/\/blog.lapecera.ch\/index.php?rest_route=\/wp\/v2\/users\/3"}],"replies":[{"embeddable":true,"href":"https:\/\/blog.lapecera.ch\/index.php?rest_route=%2Fwp%2Fv2%2Fcomments&post=61"}],"version-history":[{"count":0,"href":"https:\/\/blog.lapecera.ch\/index.php?rest_route=\/wp\/v2\/posts\/61\/revisions"}],"wp:attachment":[{"href":"https:\/\/blog.lapecera.ch\/index.php?rest_route=%2Fwp%2Fv2%2Fmedia&parent=61"}],"wp:term":[{"taxonomy":"category","embeddable":true,"href":"https:\/\/blog.lapecera.ch\/index.php?rest_route=%2Fwp%2Fv2%2Fcategories&post=61"},{"taxonomy":"post_tag","embeddable":true,"href":"https:\/\/blog.lapecera.ch\/index.php?rest_route=%2Fwp%2Fv2%2Ftags&post=61"}],"curies":[{"name":"wp","href":"https:\/\/api.w.org\/{rel}","templated":true}]}}