{"id":605,"date":"2010-03-31T18:43:39","date_gmt":"2010-03-31T16:43:39","guid":{"rendered":"http:\/\/lapecera.ch\/?p=605"},"modified":"2010-03-31T18:43:39","modified_gmt":"2010-03-31T16:43:39","slug":"la-ciudad-de-la-oscuridad","status":"publish","type":"post","link":"https:\/\/blog.lapecera.ch\/?p=605","title":{"rendered":"La ciudad de la oscuridad"},"content":{"rendered":"<p>Volver\u00eda para contaros que estoy hasta los pirrimpleles de mi proyecto en la empresa, pero s\u00f3lo servir\u00eda para enfadarme y hoy no me quiero enfadar que es \u00faltimo d\u00eda de mes, mi\u00e9rcoles y s\u00f3lo falta un d\u00eda para irme a dormir durante tres d\u00edas al hotel Dorint Bluemlisalp en Beatenberg (no me pregunt\u00e9is pa d\u00f3nde cae dentro de Suiza que todav\u00eda no me he enterado) ^_____^ Por tanto y con esas premisas me voy a dedicar a contaros cualquier otra cosa de esas tan intrascendentales que me gustan a m\u00ed \ud83d\ude09<\/p>\n<p>Este fin de semana lo pas\u00e9 en cualquier sitio menos en casa xD El s\u00e1bado estuve entre Del\u00e9mont y Bassecourt ayudando a Sam y Herv\u00e9 en la mudanza a su nuevo nidito de amor: una casa antigua unifamiliar del 36 con un prao grande para que Robin corra y se revuelque a gusto, un pajar\/granero\/trastero\/establo anexo a la casa para los vinos de Herv\u00e9 y una buhardilla enorme \ud83d\ude42 El domingo toc\u00f3 comida multitudinaria en casa de los Pugliese (y ahora aparece Taty y me apu\u00f1ala por la espalda xD): fabada asturiana con sidra y de postre, helado con torrijas, \u00a1hala! Hacia la noche los chicos empezaron a sentirse demasiado alegres o empezaron a deprimirse, como Silvio que no dejaba de decirle a su Silvia &#8220;you don&#8217;t love me&#8221; xDDD Lo pasamos muy bien y lo disfrutamos como ni\u00f1os peque\u00f1os&#8230; Ahora me toca organizar a m\u00ed la primera <em>SingStar Night <\/em>\ud83d\ude42<\/p>\n<p><img loading=\"lazy\" decoding=\"async\" src=\"http:\/\/lapecera.ch\/wp-content\/uploads\/2010\/03\/517Rt0IWk4L-195x300.jpg\" alt=\"\" title=\"517Rt0IWk4L\" width=\"195\" height=\"300\" class=\"alignright size-medium wp-image-607\" \/>Por otro lado, la semana pasada termin\u00e9 de leer &#8220;Acting up&#8221; de Melissa Nathan, un <em>retelling <\/em>de &#8220;Pride and Prejudice&#8221; en los tiempos modernos. El mayor problema que le encontr\u00e9 al libro es que Jasmin Field no s\u00f3lo es la personificaci\u00f3n de Lizzy Bennet en el d\u00eda de hoy, sino que encima tiene el papel de Lizzy Bennet en la obra de teatro de &#8220;Pride and Prejudice&#8221; que es el principal hilo argumental del libro, y a veces te armas unos l\u00edos del quince. En este libro, al contrario que en &#8220;Persuading Annie&#8221;, es mucho m\u00e1s f\u00e1cil encontrar los puntos comunes con el original y eso puede llegar a ser confuso y hasta molesto&#8230; De todas formas, yo necesitaba leerme algo <em>light<\/em> y el libro me vino de perlas y lo disfrut\u00e9 como una enana&#8230; Es una pena que Melissa Nathan sucumbiera a la enfermedad siendo tan joven, el mundo ha perdido a una gran escritora de <em>Chick lit<\/em> (me faltan tres libros suyos por leer, tendr\u00e9 que racion\u00e1rmelos v.v) . Se lo he dejado a Sam, otra forofa de Jane Austen y su &#8220;Pride and Prejudice&#8221;, a ver qu\u00e9 le parece \ud83d\ude42 Ahora estoy leyendo &#8220;The Queen must die&#8221;, pero no me pregunteis de qu\u00e9 va, porque no lo s\u00e9 muy bien. Mezcla viajes en el tiempo con magia y la corte de la reina Victoria&#8230; Es un rato raro y no s\u00f3lo por la historia, como se comportan los personajes es algo anacr\u00f3nico y chirria un poco. Si me dijese que se situa en el reino de Atalonia en un tiempo victoriano, pero sin reina Victoria o paralelismos con la realidad, me lo tragar\u00eda mejor.<\/p>\n<p>Ayer, despu\u00e9s de terminar con el trabajo a las 21h, me puse a ver una pel\u00edcula que me compr\u00e9 el otro d\u00eda en MediaMarkt porque me llam\u00f3 la atenci\u00f3n la portada y la protagonista, Saoirsen Ronan. &#8220;City of Ember&#8221; acaba de salir en DVD en Suiza, pero se estren\u00f3 el a\u00f1o pasado en los Estados Unidos. Es una de esas pel\u00edculas que nos llegan de pura casualidad y \u00fanicamente en DVD porque no han hecho buena caja con ella. La pel\u00edcula est\u00e1 basada en el primer libro de &#8220;Los libros de \u00c9mber&#8221; de Jeanne Duprau (que hoy voy a ir a pedirme en la librer\u00eda). Situados en un futuro post-apocal\u00edstico, un grupo de gente decide construir una ciudad bajo tierra para salvar a un numero determinado de personas con el fin de que la raza humana no se extinga. Guardan los secretos para salir de esa ciudad en una caja sellada que se abrir\u00e1 en 200 a\u00f1os y se la encargan al alcalde de la ciudad que la transmite a sus sucesores. Con el paso de los a\u00f1os no se sabe muy bien porqu\u00e9 la caja se pierde y todo el mundo bajo tierra olvida que aquello fue una vez una soluci\u00f3n &#8220;provisional&#8221;. Entonces, el generador que provee la luz de ese mundo de oscuridad empieza a fallar y Lina encuentra la caja y las instrucciones y&#8230; y&#8230; Me gust\u00f3 mucho, me esperaba una cosa y me encontr\u00e9 algo diferente: una trama muy bien montada y unos secundarios de lujo (Bill Murray, Tim Robbins, Martin Landau). Es una buena pel\u00edcula para planchar&#8230; L\u00e1stima que ahora me planche mi <em>cleaning lady<\/em>.<\/p>\n<p>\u00a1Ah! \u00bfQue no os he contao que al fin tenemos alguien que venga a limpiarnos las bolas de polvo que se nos acumulan en el suelo? Pues s\u00ed, y es conocida por todo aquel que haya le\u00eddo sobre mi <em>House-Warming-Party<\/em>. Nuestra <em>cleaning lady<\/em> es Ta, que en la fiesta nos cocin\u00f3 un delicioso <em>Green Curry<\/em> y unos rollitos de primavera que estaban de muerte. Y yo estoy super contenta, porque el fin de semana pasado por primera vez no me sent\u00ed mal al llegar a casa por no haber tenido tiempo de limpiar y planchar *____* <\/p>\n<p>Y ahora la menda se va pa casa a hacer cualquier cosa menos instalaciones \ud83d\ude42 (probablemente la lista de las cosas que hay que comprar para preparar el <em>brunch <\/em>del lunes de Pascua :P)<\/p>\n<p>Con esto y un bizcocho&#8230; Besos<br \/>\nCris<\/p>\n","protected":false},"excerpt":{"rendered":"<p>Volver\u00eda para contaros que estoy hasta los pirrimpleles de mi proyecto en la empresa, pero s\u00f3lo servir\u00eda para enfadarme y hoy no me quiero enfadar que es \u00faltimo d\u00eda de mes, mi\u00e9rcoles y s\u00f3lo falta un d\u00eda para irme a dormir durante tres d\u00edas al hotel Dorint Bluemlisalp en Beatenberg (no me pregunt\u00e9is pa d\u00f3nde [&hellip;]<\/p>\n","protected":false},"author":3,"featured_media":0,"comment_status":"open","ping_status":"closed","sticky":false,"template":"","format":"standard","meta":{"footnotes":""},"categories":[],"tags":[],"class_list":["post-605","post","type-post","status-publish","format-standard","hentry"],"_links":{"self":[{"href":"https:\/\/blog.lapecera.ch\/index.php?rest_route=\/wp\/v2\/posts\/605","targetHints":{"allow":["GET"]}}],"collection":[{"href":"https:\/\/blog.lapecera.ch\/index.php?rest_route=\/wp\/v2\/posts"}],"about":[{"href":"https:\/\/blog.lapecera.ch\/index.php?rest_route=\/wp\/v2\/types\/post"}],"author":[{"embeddable":true,"href":"https:\/\/blog.lapecera.ch\/index.php?rest_route=\/wp\/v2\/users\/3"}],"replies":[{"embeddable":true,"href":"https:\/\/blog.lapecera.ch\/index.php?rest_route=%2Fwp%2Fv2%2Fcomments&post=605"}],"version-history":[{"count":0,"href":"https:\/\/blog.lapecera.ch\/index.php?rest_route=\/wp\/v2\/posts\/605\/revisions"}],"wp:attachment":[{"href":"https:\/\/blog.lapecera.ch\/index.php?rest_route=%2Fwp%2Fv2%2Fmedia&parent=605"}],"wp:term":[{"taxonomy":"category","embeddable":true,"href":"https:\/\/blog.lapecera.ch\/index.php?rest_route=%2Fwp%2Fv2%2Fcategories&post=605"},{"taxonomy":"post_tag","embeddable":true,"href":"https:\/\/blog.lapecera.ch\/index.php?rest_route=%2Fwp%2Fv2%2Ftags&post=605"}],"curies":[{"name":"wp","href":"https:\/\/api.w.org\/{rel}","templated":true}]}}