{"id":59,"date":"2006-08-28T21:54:00","date_gmt":"2006-08-28T19:54:00","guid":{"rendered":"http:\/\/lapecera.ch\/?p=59"},"modified":"2006-08-28T21:54:00","modified_gmt":"2006-08-28T19:54:00","slug":"vacaciones-de-cris-y-itsystems-iii-come-on-schatzli","status":"publish","type":"post","link":"https:\/\/blog.lapecera.ch\/?p=59","title":{"rendered":"Vacaciones de Cris y&#8230; itsystems III: Come on, Schatzli"},"content":{"rendered":"<p>7:30 am, Hofstetter Hof, Basel. 8 itsystemianos, 5 nacionalidades. <\/p>\n<p>El d\u00eda empez\u00f3 bien, con buen tiempo y todo, pero a medida que nos acerc\u00e1bamos a nuestro destino, mi est\u00f3mago se iba envolviendo en s\u00ed mismo hasta formar una gran pelota. Cuando llegamos a la base de la empresa de outdoor sports (que no me acuerdo de c\u00f3mo se llamaba), mi coraz\u00f3n empez\u00f3 a cabalgar al galope. Pens\u00e9 que quer\u00eda huir dej\u00e1ndome a m\u00ed en semejante berenjenal. Nos hicieron firmar unos papeles por si acaso nos romp\u00edamos la cabeza >.< y nos dieron los trajes de neopreno, los zapatos, salvavidas, casco y arn\u00e9s. Cada casco que llev\u00e1bamos ten\u00eda un nombre escrito pa reconocer a su portador. Yo, en concreto, me llamaba \u201cdarling\u201d.\n\nNos montaron en un minib\u00fas: los 8 itsystemianos y una pareja de americanos que estaban de viaje por Europa. En el medio del camino \u2013casi una hora hasta nuestro destino\u2013 paramos a comprar algo para comer. Con 10 francos de P1 rellenamos todos el est\u00f3mago un poco (yo tuve que comprarme un pl\u00e1tano antes de que mi est\u00f3mago decidiese comerme \u00e9l a m\u00ed). Seguimos en el minib\u00fas hasta un prao que ser\u00eda justo donde acabar\u00edamos la\u2026 llam\u00e9mosla expedici\u00f3n. All\u00ed nos cambiamos y Nathalie descubri\u00f3 con horror que no ten\u00eda arn\u00e9s. Nuestro gu\u00eda, Neville, dijo que no hab\u00eda ning\u00fan problema que cuando uno de los otros llegase abajo, subir\u00edan el arn\u00e9s con la cuerda\u2026 \u00bfCuerda? \u00bfA d\u00f3nde leches hay que bajar? Cuando vi la pared por la que ten\u00edamos que deslizarnos ataos a una cuerda, me dio un vuelco el coraz\u00f3n, empez\u00f3 a dolerme la cabeza y mi est\u00f3mago se rebel\u00f3 definitivamente\u2026 Bueno, no fue pa tanto, pero me dio un v\u00e9rtigo enorme mirar hacia abajo.  Ten\u00edamos dos cuerdas: una la sujetaba Neville y la otra Sebastian, el otro gu\u00eda\/ayudante\/loquefuera. A m\u00ed me \u201coblig\u00f3\u201d a bajar Neville. Dije que no quer\u00eda ir, que me quer\u00eda marchar y no bajar. Neville me agarr\u00f3 por la carabina y me enganch\u00f3 a la cuerda. Bajar baj\u00e9, pero casi me da un yuyu de muerte.  A partir de entonces, dej\u00e9 de ser \u201cDarling\u201d para convertirme en \u201cSchatzli\u201d (tesorito en alem\u00e1n suizo). No me pregunt\u00e9is porqu\u00e9, supongo que le ca\u00ed bien y le hizo gracia que le replicase cualquier instrucci\u00f3n que nos diera con un &#8220;yo no quiero hacer eso&#8221; xP \n\nEl canyoning en s\u00ed es una experiencia interesante, pero no hace ni p*** gracia, cuando a los 20 minutos de estar en el agua (que estaba s\u00faper fr\u00eda), las manos se te quedan tan fr\u00edas que apenas sientes los dedos. Aparte de eso, los saltos casi acaban conmigo. Eso de ver una piedra a un lado y otra al otro m\u00e1s abajo, y que te digan: \u201cAhora te dejas caer por la piedra y caes al agua\u201d. Y t\u00fa piensas: \u201cEste tipo se est\u00e1 quedando conmigo, yo no veo agua por ning\u00fan lago o.O\u201d. Ninguno de los saltos o toboganes que hicimos me gust\u00f3 o me pareci\u00f3 emocionante. Les ten\u00eda miedo y se notaba porque de repente tanto compa\u00f1eros como el propio gu\u00eda me trataron con una delicadeza impropia y me apoyaron durante todo el tiempo d\u00e1ndome \u00e1nimos (y a Nathalie tres cuartas de lo mismo, s\u00f3lo que ella al menos lo pas\u00f3 bien y no ten\u00eda tanto miedo).  A mi la adrenalina me subi\u00f3, pero no me gust\u00f3 un pimiento. Lo \u00fanico que me gust\u00f3 fue un salto donde te ponen en una tirolina, te dejas llevar por la cuerda y en determinado momento sueltas la cuerda y te caes al agua. \u00c9se estuvo genial, pero de recuerdo me llev\u00e9 un morat\u00f3n del tama\u00f1o de un pomelo en el trasero\u2026\n\nCuando por fin salimos de aquel ca\u00f1\u00f3n \u2013yo no ve\u00eda la hora de ver la piedra de marras que se ve\u00eda desde el prao\u2013 y nos pudimos poner ropa seca y calentarnos un poco, nos dieron de comer pan con queso y nos llevaron de vuelta a la base, donde pudimos ver una presentaci\u00f3n de las fotos (que, espero, nos llegar\u00e1n en breve y podr\u00e9 subirlas pa que se os quite de la cabeza la idea de hacer estas cosas). Nos echamos unas risas tremendas con las caras que pon\u00edamos las t\u00edas comparadas con las de los t\u00edos, que hasta miraban la c\u00e1mara y sonre\u00edan, mientras que con nosotras parec\u00eda que est\u00e1bamos rezando para salir de aquella y ten\u00edamos los ojos cerrados xDDDDDD\n\nEl balance definitivo del canyoning y de los deportes de aventura es: la pr\u00f3xima vez, \u00a1PASO!\n\nEl resto del fin de semana estuvo muy bien y lo pas\u00e9 genial a pesar del cansancio y el mal tiempo (despu\u00e9s del canyoning empez\u00f3 a llover y todav\u00eda no ha parado \u00ac\u00ac). Fuimos a un ba\u00f1o termal a relajarnos (y a jugar), cenamos en una granja biol\u00f3gica y dormimos, acompa\u00f1ados de ara\u00f1as, grillos, gusanos y dem\u00e1s faunas invertebradas, en tiendas de campa\u00f1a a lo indio apache desde las que se ten\u00eda una vista del lago de Thun alucinante. El domingo volv\u00ed a casa antes que mis compa\u00f1eros, que a\u00fan se quedaron por la zona de Interlaken a jugar con unos scooters todoterreno. \n\nHoy por la ma\u00f1ana, a pesar de haber descansado muy bien y de que mi espalda estuviese mucho mejor que el domingo (cuando me dol\u00eda TODO el cuello y ten\u00eda tort\u00edcolis severa), llegu\u00e9 al trabajo arrastr\u00e1ndome (como en este <a href=\"http:\/\/www.youtube.com\/watch?v=SuBSQSir6Lw\" target=\"_blank\">video<\/a>). Eso s\u00ed, llegu\u00e9 a las 8:20\u2026 TODO UN R\u00c9CORD \ud83d\ude1b<\/p>\n<p>Y as\u00ed acab\u00f3 mi fin de semana a la aventura: hecha polvo, con agujetas en m\u00fasculos que ni siquiera sab\u00eda que exist\u00edan, con un nuevo \u201ctatuaje\u201d natural en la pierna izquierda del tama\u00f1o de un pomelo y con el buen sabor de boca de haberlo pasado en grande con los locos de itsystems.<\/p>\n<p>Las fotos llegar\u00e1n pronto \ud83d\ude09<\/p>\n<p>Con esto y un bizcocho\u2026 Besos<br \/>Cris<\/p>\n","protected":false},"excerpt":{"rendered":"<p>7:30 am, Hofstetter Hof, Basel. 8 itsystemianos, 5 nacionalidades. El d\u00eda empez\u00f3 bien, con buen tiempo y todo, pero a medida que nos acerc\u00e1bamos a nuestro destino, mi est\u00f3mago se iba envolviendo en s\u00ed mismo hasta formar una gran pelota. Cuando llegamos a la base de la empresa de outdoor sports (que no me acuerdo [&hellip;]<\/p>\n","protected":false},"author":3,"featured_media":0,"comment_status":"open","ping_status":"closed","sticky":false,"template":"","format":"standard","meta":{"footnotes":""},"categories":[],"tags":[],"class_list":["post-59","post","type-post","status-publish","format-standard","hentry"],"_links":{"self":[{"href":"https:\/\/blog.lapecera.ch\/index.php?rest_route=\/wp\/v2\/posts\/59","targetHints":{"allow":["GET"]}}],"collection":[{"href":"https:\/\/blog.lapecera.ch\/index.php?rest_route=\/wp\/v2\/posts"}],"about":[{"href":"https:\/\/blog.lapecera.ch\/index.php?rest_route=\/wp\/v2\/types\/post"}],"author":[{"embeddable":true,"href":"https:\/\/blog.lapecera.ch\/index.php?rest_route=\/wp\/v2\/users\/3"}],"replies":[{"embeddable":true,"href":"https:\/\/blog.lapecera.ch\/index.php?rest_route=%2Fwp%2Fv2%2Fcomments&post=59"}],"version-history":[{"count":0,"href":"https:\/\/blog.lapecera.ch\/index.php?rest_route=\/wp\/v2\/posts\/59\/revisions"}],"wp:attachment":[{"href":"https:\/\/blog.lapecera.ch\/index.php?rest_route=%2Fwp%2Fv2%2Fmedia&parent=59"}],"wp:term":[{"taxonomy":"category","embeddable":true,"href":"https:\/\/blog.lapecera.ch\/index.php?rest_route=%2Fwp%2Fv2%2Fcategories&post=59"},{"taxonomy":"post_tag","embeddable":true,"href":"https:\/\/blog.lapecera.ch\/index.php?rest_route=%2Fwp%2Fv2%2Ftags&post=59"}],"curies":[{"name":"wp","href":"https:\/\/api.w.org\/{rel}","templated":true}]}}