{"id":578,"date":"2010-03-22T19:08:19","date_gmt":"2010-03-22T17:08:19","guid":{"rendered":"http:\/\/lapecera.ch\/?p=578"},"modified":"2010-03-22T19:08:19","modified_gmt":"2010-03-22T17:08:19","slug":"the-invisible","status":"publish","type":"post","link":"https:\/\/blog.lapecera.ch\/?p=578","title":{"rendered":"The Invisible"},"content":{"rendered":"<p>\u00daltimamente me siento invisible en la red de redes&#8230; Debo de tener lectores, pero o bien est\u00e1n muy ocupados para comentar, o bien no escribo sobre temas suficientemente interesantes para llamar a los lectores a comentar&#8230; Resulta frustrante hacer echado tantas horas en conseguir un c\u00f3digo perfecto para el dise\u00f1o de la web para que al final sea yo mi \u00fanica visitante, \u00a1snif, snif! \u00a1Viva la autocompasi\u00f3n! \ud83d\ude1b<\/p>\n<p>Pa empezar os recuerdo que a\u00fan tengo bufandas y gorros para regalar &#8211; <a href=\"http:\/\/lapecera.ch\/2010\/03\/downsizing\/\">Downsizing<\/a>. Si no me las quito de encima pronto, acabar\u00e1n en la bolsa de ropa para Caritas&#8230;<\/p>\n<p>Y ahora el resto xDD<\/p>\n<p><a href=\"http:\/\/lapecera.ch\/wp-content\/uploads\/2010\/03\/shutter-island-poster.jpg\" rel=\"example3\"><img loading=\"lazy\" decoding=\"async\" src=\"http:\/\/lapecera.ch\/wp-content\/uploads\/2010\/03\/shutter-island-poster-199x300.jpg\" alt=\"\" title=\"shutter-island-poster\" width=\"199\" height=\"300\" class=\"alignright size-medium wp-image-581\" srcset=\"https:\/\/blog.lapecera.ch\/wp-content\/uploads\/2010\/03\/shutter-island-poster-199x300.jpg 199w, https:\/\/blog.lapecera.ch\/wp-content\/uploads\/2010\/03\/shutter-island-poster.jpg 450w\" sizes=\"auto, (max-width: 199px) 100vw, 199px\" \/><\/a>Este fin de semana, tuvo lugar la operaci\u00f3n &#8220;Cama Nueva, Vida Nueva&#8221;. El s\u00e1bado nos pasamos buena parte de la tarde tirados encima de camas probando colchones, para acabar decidi\u00e9ndonos por el m\u00e1s caro de Migros, que es el m\u00e1s barato y con la mejor relaci\u00f3n calidad-precio de todos los que hemos probado hasta ahora. Y hasta tenemos cama, o sea, lo de fuera, elegida con las mesitas a juego. No pega ni con cola con el armario, pero mientras el armario siga en otra habitaci\u00f3n, me da exactamente igual xDD Os presento a nuestra futura cama: <a href=\"http:\/\/lapecera.ch\/wp-content\/uploads\/2010\/03\/cora.jpg\" rel=\"example3\" title=\"CORA\">CORA<\/a> y <a href=\"http:\/\/lapecera.ch\/wp-content\/uploads\/2010\/03\/cora-tisch.jpg\" rel=\"example3\" title=\"y las mesitas\">sus mesitas<\/a> \ud83d\ude42<\/p>\n<p>El domingo est\u00e1bamos invitados en casa de los Silvi@s a comer una lasa\u00f1a para ver el nuevo piso en Pratteln y charlar durante horas todo lo que ten\u00edamos atrasado desde que Silvia hab\u00eda empezado a trabajar. Hablamos de todo un poco, pero sobre todo de las clases de alem\u00e1n de Silvia, del alem\u00e1n en general, del trabajo y de trivialidades de esas que tanto nos gustan como el cine, los libros, la ropa, etc. (lo que no \u00edbamos a hacer era comentar el l\u00edo de Suiza con Libia o la pol\u00edtica de pensiones del gobierno, \u00a1hombre!). Por la tarde nos fuimos a Basel al cine a ver <a href=\"http:\/\/www.imdb.com\/title\/tt1130884\/\">Shutter Island<\/a>. La peli nos dej\u00f3, al menos a Silvia y a m\u00ed, totalmente fr\u00edas. Yo esperaba otro tipo de pel\u00edcula, m\u00e1s en plan l\u00edo policiaco y me encontr\u00e9 con un thriller psicol\u00f3gico, con lo poco que me gustan. Es entretenida, est\u00e1 muy bien hecha y todo eso pero&#8230; Leonardo DiCaprio sigue sin saber actuar m\u00e1s all\u00e1 de los papeles &#8220;de serio&#8221; que ha hecho en los \u00faltimos a\u00f1os, que se basan sobre todo en poner cara de estre\u00f1\u00edo durante toda la pel\u00edcula \u2013 \u00a1con lo guapo que est\u00e1 cuando sonr\u00ede, por favor! \u2013 y si no llega a ser por actores como Max von Sydow, Ben Kingsley o Mark Ruffalo aguantarle a \u00e9l solo con sus neuras durante 138 minutos habr\u00eda sido insufrible. Lo \u00fanico que me pregunto es: \u00bfd\u00f3nde aprendi\u00f3 este ni\u00f1o a hablar alem\u00e1n con ese acentazo tan chulo? S\u00f3lo dice un par de frases, pero pa m\u00ed, extranjera en Centroeuropa que no es capaz de pronunciar &#8220;zwischen&#8221; como dios manda, me sonaron (casi) perfectas O___O<\/p>\n<p>Lo mejor de la pel\u00edcula como siempre fueron los trailers, donde Silvia y yo ya nos hemos apuntao un par de pelis m\u00e1s para volver todos juntos al cine a Basel: <a href=\"http:\/\/www.imdb.com\/title\/tt0955308\/\" target =\"_blank\">Robin Hood<\/a> y <a href=\"http:\/\/www.imdb.com\/title\/tt0800320\/\" target=\"_blank\">Clash of the titans<\/a>. La primera la temo porque estoy viendo que me van a salir por peterneras con esa maldita mania que les ha dado \u00faltimamente de desmitificar a los mitos, o como ellos dicen, hacerlos m\u00e1s reales. Pero es que a m\u00ed me importa muy poco, lo irreal que pueda ser el mito creado alrededor de Robin de los bosques porque es un mito chulo y mola. Y lo estoy viendo, la peli estar\u00e1 genial, pero mejor ser\u00e1 que me olvide de que me estan contando la (verdadera) historia de Robin de Locksley xD La segunda es el remake del remake del remake del remake de la peli &#8220;Furia de titanes&#8221; del 81, donde sal\u00eda Harry Hamlin de jovenzuelo (ver La Ley de Los Angeles para m\u00e1s se\u00f1as) y donde metieron la pata por primera vez con el monstruo marino que Perseo ten\u00eda que derrotar para salvar a la bella Andromeda. Cualquiera que vea la nueva pel\u00edcula puede pensar que el toque lo ha heredado de otras joyas cinematogr\u00e1ficas como &#8220;Piratas del Caribe&#8221; pero teniendo en cuanto que ya en el 81 metieron la gamba&#8230; a nadie deber\u00eda sorprenderle ver a Zeus diciendo: &#8220;\u00a1Soltad el Kraken!&#8221; en el trailer \u00ac\u00ac El tercer trailer fue &#8220;Iron Man 2&#8221;, que si bien tiene mejor pinta que la primera y el aliciente de Robert Downey, Jr., prefiero dejarla para verla en el sal\u00f3n de mi casa con un bol de palomitas hechas en el microondas en vez de tener que planear el fin de semana para ir al cine y pagar 18 francos por verla xDD<\/p>\n<p>En fin, ni\u00f1as y ni\u00f1os, os voy dejando que hoy tengo clase de japon\u00e9s con esa se\u00f1ora tan ca\u00f3tica que tenemos por profesora. A estas alturas estoy convencida que lo \u00fanico que sacar\u00e9 en claro de las clases ser\u00e1 conocer y reconocer el hiragana y el katakana y un par de palabras y expresiones&#8230; pero bueno&#8230; <\/p>\n<p>\u00a1Hala, os dejo, que pas\u00e9is una buena semana!<\/p>\n<p>Con esto y un bizcocho&#8230; Besos<br \/>\nCris<\/p>\n","protected":false},"excerpt":{"rendered":"<p>\u00daltimamente me siento invisible en la red de redes&#8230; Debo de tener lectores, pero o bien est\u00e1n muy ocupados para comentar, o bien no escribo sobre temas suficientemente interesantes para llamar a los lectores a comentar&#8230; Resulta frustrante hacer echado tantas horas en conseguir un c\u00f3digo perfecto para el dise\u00f1o de la web para que [&hellip;]<\/p>\n","protected":false},"author":3,"featured_media":0,"comment_status":"open","ping_status":"closed","sticky":false,"template":"","format":"standard","meta":{"footnotes":""},"categories":[],"tags":[],"class_list":["post-578","post","type-post","status-publish","format-standard","hentry"],"_links":{"self":[{"href":"https:\/\/blog.lapecera.ch\/index.php?rest_route=\/wp\/v2\/posts\/578","targetHints":{"allow":["GET"]}}],"collection":[{"href":"https:\/\/blog.lapecera.ch\/index.php?rest_route=\/wp\/v2\/posts"}],"about":[{"href":"https:\/\/blog.lapecera.ch\/index.php?rest_route=\/wp\/v2\/types\/post"}],"author":[{"embeddable":true,"href":"https:\/\/blog.lapecera.ch\/index.php?rest_route=\/wp\/v2\/users\/3"}],"replies":[{"embeddable":true,"href":"https:\/\/blog.lapecera.ch\/index.php?rest_route=%2Fwp%2Fv2%2Fcomments&post=578"}],"version-history":[{"count":0,"href":"https:\/\/blog.lapecera.ch\/index.php?rest_route=\/wp\/v2\/posts\/578\/revisions"}],"wp:attachment":[{"href":"https:\/\/blog.lapecera.ch\/index.php?rest_route=%2Fwp%2Fv2%2Fmedia&parent=578"}],"wp:term":[{"taxonomy":"category","embeddable":true,"href":"https:\/\/blog.lapecera.ch\/index.php?rest_route=%2Fwp%2Fv2%2Fcategories&post=578"},{"taxonomy":"post_tag","embeddable":true,"href":"https:\/\/blog.lapecera.ch\/index.php?rest_route=%2Fwp%2Fv2%2Ftags&post=578"}],"curies":[{"name":"wp","href":"https:\/\/api.w.org\/{rel}","templated":true}]}}