{"id":571,"date":"2010-03-18T16:42:34","date_gmt":"2010-03-18T14:42:34","guid":{"rendered":"http:\/\/lapecera.ch\/?p=571"},"modified":"2010-03-18T16:42:34","modified_gmt":"2010-03-18T14:42:34","slug":"que-fue-de","status":"publish","type":"post","link":"https:\/\/blog.lapecera.ch\/?p=571","title":{"rendered":"\u00bfQu\u00e9 fue de&#8230;"},"content":{"rendered":"<p>Calvin, Hobbes y Susie cuando crecieron?<\/p>\n<p><img loading=\"lazy\" decoding=\"async\" src=\"http:\/\/lapecera.ch\/wp-content\/uploads\/2010\/03\/ch20100318.gif\" alt=\"\" title=\"ch20100318\" width=\"600\" height=\"200\" class=\"alignnone size-full wp-image-572\" style=\"border: solid 1px #c83e22\" \/><\/p>\n<p>Se podr\u00eda escribir una historia muy larga o simplemente hacer un dibujo como \u00e9ste:<\/p>\n<p><a href=\"http:\/\/nami86.deviantart.com\/art\/calvin-hobbes-suzy-manga-style-84998613\" class=\"example7\"><img loading=\"lazy\" decoding=\"async\" src=\"http:\/\/lapecera.ch\/wp-content\/uploads\/2010\/03\/calvin_hobbes_suzy_manga_style_by_nami86-278x300.jpg\" alt=\"\" title=\"calvin_hobbes_suzy_manga_style_by_nami86\" width=\"278\" height=\"300\" class=\"alignnone size-medium wp-image-573\" \/><\/a><\/p>\n<p>Tengo ganas de contaros lo mal que me est\u00e1 yendo la semana y lo bien que lo pas\u00e9 ayer viendo la nueva serie que he descubierto gracias a <a href=\"http:\/\/unhacerdoreneldesierto.blogspot.com\" target=\"_blank\">Los Hacedores<\/a>, pero no tengo tiempo&#8230; y bueno, tampoco ganas, realmente. En realidad, quiero escribir, tengo historias revoloteando en mi cabeza, una con un se\u00f1or mayor llamado Ra\u00fal y otra con una marimacho llamada Karena o Karina, no estoy segura&#8230; pero no me atrevo a empezar a escribir, no vaya a ser que escapen v.v En fin, voy a ver si acabo con el trabajo para irme a casa pronto, que ya estoy cansada de estar aqu\u00ed \u00fanicamente para que me griten \u00ac\u00ac<\/p>\n<p>Con esto y un bizcocho&#8230; Besos<br \/>\nCris<\/p>\n<p>PS: \u00bfC\u00f3mo es que a nadie le interesa Gurrumul? T-T<\/p>\n","protected":false},"excerpt":{"rendered":"<p>Calvin, Hobbes y Susie cuando crecieron? Se podr\u00eda escribir una historia muy larga o simplemente hacer un dibujo como \u00e9ste: Tengo ganas de contaros lo mal que me est\u00e1 yendo la semana y lo bien que lo pas\u00e9 ayer viendo la nueva serie que he descubierto gracias a Los Hacedores, pero no tengo tiempo&#8230; y [&hellip;]<\/p>\n","protected":false},"author":3,"featured_media":0,"comment_status":"open","ping_status":"closed","sticky":false,"template":"","format":"standard","meta":{"footnotes":""},"categories":[],"tags":[],"class_list":["post-571","post","type-post","status-publish","format-standard","hentry"],"_links":{"self":[{"href":"https:\/\/blog.lapecera.ch\/index.php?rest_route=\/wp\/v2\/posts\/571","targetHints":{"allow":["GET"]}}],"collection":[{"href":"https:\/\/blog.lapecera.ch\/index.php?rest_route=\/wp\/v2\/posts"}],"about":[{"href":"https:\/\/blog.lapecera.ch\/index.php?rest_route=\/wp\/v2\/types\/post"}],"author":[{"embeddable":true,"href":"https:\/\/blog.lapecera.ch\/index.php?rest_route=\/wp\/v2\/users\/3"}],"replies":[{"embeddable":true,"href":"https:\/\/blog.lapecera.ch\/index.php?rest_route=%2Fwp%2Fv2%2Fcomments&post=571"}],"version-history":[{"count":0,"href":"https:\/\/blog.lapecera.ch\/index.php?rest_route=\/wp\/v2\/posts\/571\/revisions"}],"wp:attachment":[{"href":"https:\/\/blog.lapecera.ch\/index.php?rest_route=%2Fwp%2Fv2%2Fmedia&parent=571"}],"wp:term":[{"taxonomy":"category","embeddable":true,"href":"https:\/\/blog.lapecera.ch\/index.php?rest_route=%2Fwp%2Fv2%2Fcategories&post=571"},{"taxonomy":"post_tag","embeddable":true,"href":"https:\/\/blog.lapecera.ch\/index.php?rest_route=%2Fwp%2Fv2%2Ftags&post=571"}],"curies":[{"name":"wp","href":"https:\/\/api.w.org\/{rel}","templated":true}]}}