{"id":548,"date":"2010-03-12T08:03:40","date_gmt":"2010-03-12T06:03:40","guid":{"rendered":"http:\/\/lapecera.ch\/?p=548"},"modified":"2010-03-12T08:03:40","modified_gmt":"2010-03-12T06:03:40","slug":"downsizing","status":"publish","type":"post","link":"https:\/\/blog.lapecera.ch\/?p=548","title":{"rendered":"Downsizing"},"content":{"rendered":"<p>Queridas ni\u00f1as (saludar\u00eda a los ni\u00f1os, pero no creo que est\u00e9n interesados en lo que tengo que ofrecer aqu\u00ed)<\/p>\n<p>Como os dec\u00eda hace unos d\u00edas, en mi casa estamos de <a href=\"http:\/\/lapecera.ch\/2010\/03\/empiezan-las-rebajas-de-la-pecera\/\" class=\"example7\">rebajas<\/a> y tengo unas cuantas bufandas y gorros para regalar. <\/p>\n<p>Hab\u00eda pensado en ir poniendo uno por uno (y de hecho, as\u00ed hab\u00eda empezado), pero he decidido hacerlo todo de golpe y sopet\u00f3n &#8211; porque yo lo valgo.<\/p>\n<p>En esta <a href=\"http:\/\/lapecera.ch\/fotos\/rebajas\">galeria de fotos<\/a> pod\u00e9is encontrar las bufandas, pa\u00f1uelos y gorros disponibles. Les ech\u00e1is un vistazo, escog\u00e9is el que m\u00e1s os guste o el que m\u00e1s rabia os d\u00e9 y me mandais un e-mail a papalbina(at)gmail(dot)com con los siguientes datos:<\/p>\n<p>1. El n\u00famero del objeto, cada foto tiene un n\u00famero arriba a la izquierda (no os fij\u00e9is en que me he comido el 7 xD)<br \/>\n2. Nombre y apellidos (o lo que se os apetezca, con tal de que el cartero pueda encontraros)<br \/>\n3. Direcci\u00f3n completa (tipo de v\u00eda, nombre de la via, n\u00famero del portal, piso y letra o lo que sea que teng\u00e1is y c\u00f3digo postal)<\/p>\n<p>Si ten\u00e9is alguna pregunta sobre los art\u00edculos o quer\u00e9is verlos m\u00e1s de cerca o tener datos m\u00e1s concretos (aka medidas o tipo de material), no dud\u00e9is en preguntar en los comentarios o por e-mail o en el facebook, puesto a. <\/p>\n<p>Y ahora me retiro a mi guarida, que viene a ser el mismo sitio donde estoy pero aletargando zzZzZzZzZzzz TGIF!!!<\/p>\n<p>Con esto y un bizcocho&#8230; Besos<br \/>\nCris<\/p>\n","protected":false},"excerpt":{"rendered":"<p>Queridas ni\u00f1as (saludar\u00eda a los ni\u00f1os, pero no creo que est\u00e9n interesados en lo que tengo que ofrecer aqu\u00ed) Como os dec\u00eda hace unos d\u00edas, en mi casa estamos de rebajas y tengo unas cuantas bufandas y gorros para regalar. Hab\u00eda pensado en ir poniendo uno por uno (y de hecho, as\u00ed hab\u00eda empezado), pero [&hellip;]<\/p>\n","protected":false},"author":3,"featured_media":0,"comment_status":"open","ping_status":"closed","sticky":false,"template":"","format":"standard","meta":{"footnotes":""},"categories":[],"tags":[],"class_list":["post-548","post","type-post","status-publish","format-standard","hentry"],"_links":{"self":[{"href":"https:\/\/blog.lapecera.ch\/index.php?rest_route=\/wp\/v2\/posts\/548","targetHints":{"allow":["GET"]}}],"collection":[{"href":"https:\/\/blog.lapecera.ch\/index.php?rest_route=\/wp\/v2\/posts"}],"about":[{"href":"https:\/\/blog.lapecera.ch\/index.php?rest_route=\/wp\/v2\/types\/post"}],"author":[{"embeddable":true,"href":"https:\/\/blog.lapecera.ch\/index.php?rest_route=\/wp\/v2\/users\/3"}],"replies":[{"embeddable":true,"href":"https:\/\/blog.lapecera.ch\/index.php?rest_route=%2Fwp%2Fv2%2Fcomments&post=548"}],"version-history":[{"count":0,"href":"https:\/\/blog.lapecera.ch\/index.php?rest_route=\/wp\/v2\/posts\/548\/revisions"}],"wp:attachment":[{"href":"https:\/\/blog.lapecera.ch\/index.php?rest_route=%2Fwp%2Fv2%2Fmedia&parent=548"}],"wp:term":[{"taxonomy":"category","embeddable":true,"href":"https:\/\/blog.lapecera.ch\/index.php?rest_route=%2Fwp%2Fv2%2Fcategories&post=548"},{"taxonomy":"post_tag","embeddable":true,"href":"https:\/\/blog.lapecera.ch\/index.php?rest_route=%2Fwp%2Fv2%2Ftags&post=548"}],"curies":[{"name":"wp","href":"https:\/\/api.w.org\/{rel}","templated":true}]}}