{"id":519,"date":"2010-03-07T21:25:32","date_gmt":"2010-03-07T19:25:32","guid":{"rendered":"http:\/\/lapecera.ch\/?p=519"},"modified":"2010-03-07T21:25:32","modified_gmt":"2010-03-07T19:25:32","slug":"empiezan-las-rebajas-de-la-pecera","status":"publish","type":"post","link":"https:\/\/blog.lapecera.ch\/?p=519","title":{"rendered":"Empiezan las rebajas de La Pecera"},"content":{"rendered":"<p>Se\u00f1oras, se\u00f1ores, se\u00f1oritas y se\u00f1oritos, se abre la veda en La Pecera. La operaci\u00f3n Downsizing comienza de nuevo. <\/p>\n<p>La se\u00f1orita papalbina quiere hacer sitio en el armario (\u00a1no para rellenarlo de nuevo, ojo!) y ha hecho una selecci\u00f3n de bufandas y gorros, y alguna otra cosa que encontrar\u00e1 en el armario, y se propone regalar todo aquello que no necesite al primero que levante la mano. En los pr\u00f3ximos d\u00edas ir\u00e9 colgando fotos de los objetos en cuesti\u00f3n. Qui\u00e9n est\u00e9 interesado en quedarse con ello, s\u00f3lo tiene que mandarme un e-mail con la informaci\u00f3n pertinente y yo me encargar\u00e9 de enviar lo que sea que tenga que enviar&#8230; ^___^<\/p>\n<p>El feed sigue sin funcionar, pero al menos, facebook todav\u00eda no se da de ostias con \u00e9l \u00ac\u00ac <\/p>\n<p>Hala, os dejo, voy a acabar con el trabajo (s\u00ed, es s\u00e1bado, lo s\u00e9 v.v)<\/p>\n<p>Con esto y un bizcocho&#8230; Besos<br \/>\nCris<\/p>\n","protected":false},"excerpt":{"rendered":"<p>Se\u00f1oras, se\u00f1ores, se\u00f1oritas y se\u00f1oritos, se abre la veda en La Pecera. La operaci\u00f3n Downsizing comienza de nuevo. La se\u00f1orita papalbina quiere hacer sitio en el armario (\u00a1no para rellenarlo de nuevo, ojo!) y ha hecho una selecci\u00f3n de bufandas y gorros, y alguna otra cosa que encontrar\u00e1 en el armario, y se propone regalar [&hellip;]<\/p>\n","protected":false},"author":3,"featured_media":0,"comment_status":"open","ping_status":"closed","sticky":false,"template":"","format":"standard","meta":{"footnotes":""},"categories":[],"tags":[],"class_list":["post-519","post","type-post","status-publish","format-standard","hentry"],"_links":{"self":[{"href":"https:\/\/blog.lapecera.ch\/index.php?rest_route=\/wp\/v2\/posts\/519","targetHints":{"allow":["GET"]}}],"collection":[{"href":"https:\/\/blog.lapecera.ch\/index.php?rest_route=\/wp\/v2\/posts"}],"about":[{"href":"https:\/\/blog.lapecera.ch\/index.php?rest_route=\/wp\/v2\/types\/post"}],"author":[{"embeddable":true,"href":"https:\/\/blog.lapecera.ch\/index.php?rest_route=\/wp\/v2\/users\/3"}],"replies":[{"embeddable":true,"href":"https:\/\/blog.lapecera.ch\/index.php?rest_route=%2Fwp%2Fv2%2Fcomments&post=519"}],"version-history":[{"count":0,"href":"https:\/\/blog.lapecera.ch\/index.php?rest_route=\/wp\/v2\/posts\/519\/revisions"}],"wp:attachment":[{"href":"https:\/\/blog.lapecera.ch\/index.php?rest_route=%2Fwp%2Fv2%2Fmedia&parent=519"}],"wp:term":[{"taxonomy":"category","embeddable":true,"href":"https:\/\/blog.lapecera.ch\/index.php?rest_route=%2Fwp%2Fv2%2Fcategories&post=519"},{"taxonomy":"post_tag","embeddable":true,"href":"https:\/\/blog.lapecera.ch\/index.php?rest_route=%2Fwp%2Fv2%2Ftags&post=519"}],"curies":[{"name":"wp","href":"https:\/\/api.w.org\/{rel}","templated":true}]}}