{"id":516,"date":"2010-03-08T18:50:02","date_gmt":"2010-03-08T16:50:02","guid":{"rendered":"http:\/\/lapecera.ch\/?p=516"},"modified":"2010-03-08T18:50:02","modified_gmt":"2010-03-08T16:50:02","slug":"la-vista-de-los-alpes","status":"publish","type":"post","link":"https:\/\/blog.lapecera.ch\/?p=516","title":{"rendered":"La vista de los Alpes"},"content":{"rendered":"<blockquote><p>Muerto el perro se acab\u00f3 la rabia<\/p><\/blockquote>\n<p>El feed ya funciona, pero no gracias a Bloglines que digamos. La nueva direcci\u00f3n del Feed es: <a href=\"http:\/\/feeds.feedburner.com\/diariodelapecera\">http:\/\/feeds.feedburner.com\/diariodelapecera<\/a> y jurar\u00eda que la oficial http:\/\/lapecera.ch\/feed deber\u00eda redireccionaros a la primera, pero a\u00fan no he hecho suficientes tests (de hecho este post es un test xD). Esta direcci\u00f3n deber\u00eda funcionar en cualquier agregador de noticias, as\u00ed que pod\u00e9is escoger el que m\u00e1s rabia os d\u00e9&#8230; Yo de momento estoy usando tanto Bloglines como Google Reader \ud83d\ude42<\/p>\n<p>Y ahora, pasamos a mejores y m\u00e1s entretenidos temas. El otro d\u00eda dec\u00eda que volver\u00eda a contar la excursi\u00f3n con raquetas de nieve que hicimos el \u00faltimo fin de semana de febrero&#8230; Pos bien, ah\u00ed voy ^____^<\/p>\n<p><a href=\"http:\/\/lapecera.ch\/say-cheese\"><img loading=\"lazy\" decoding=\"async\" src=\"http:\/\/lapecera.ch\/wp-content\/uploads\/2010\/03\/dsc05012-200x300.jpg\" alt=\"\" title=\"dsc05012\" width=\"200\" height=\"300\" class=\"alignleft size-medium wp-image-523\" srcset=\"https:\/\/blog.lapecera.ch\/wp-content\/uploads\/2010\/03\/dsc05012-200x300.jpg 200w, https:\/\/blog.lapecera.ch\/wp-content\/uploads\/2010\/03\/dsc05012.jpg 534w\" sizes=\"auto, (max-width: 200px) 100vw, 200px\" \/><\/a>El recorrido completo era: <strong>Les Bugnenets &#8211; Derri\u00e8re-Pertuis &#8211; Vue des Alpes &#8211; T\u00eate de Ran &#8211; Mont Racine &#8211; La Tourne<\/strong>. Yo me qued\u00e9 en Vue des Alpes. El domingo hac\u00eda demasiado aire para mi gusto y ya me dol\u00eda un o\u00eddo, no ten\u00eda ganas de que fuese a m\u00e1s. Las fotos pod\u00e9is encontrarlas en la secci\u00f3n <a href=\"http:\/\/lapecera.ch\/say-cheese\">correspondiente<\/a>, que pa eso est\u00e1 y me pas\u00e9 d\u00eda y medio pegandome con picasa y autoviewer \ud83d\ude1b<\/p>\n<p>Os resumo los acontecimientos m\u00e1s importantes para no hacerlo demasiado largo:<br \/>\n\u2013 Derri\u00e8re-Pertuis: supongo que ese es el sitio donde paramos a comer, otra parada no hicimos y no hubo m\u00e1s sitios con nombres en el camino, al menos que yo recuerde. En fin, el sitio era una granja con cocina donde nos sirvieron sopa, pan y longaniza &#8220;jur\u00e1sica&#8221; (pensad que no est\u00e1bamos en los Alpes, sino en el Jura), que estaba muy buena y nos amenizaron el almuerzo con m\u00fasica tradicional interpretada al acorde\u00f3n y al contrabajo por dos tipos que hab\u00eda all\u00ed. Para que os hag\u00e1is una idea de lo que era estar all\u00ed y parafraseando a Mar\u00eda Soto en lo del tirol\u00e9s en Viena y el asturiano en Madrid, esto es como si nos encontramos a un grupo de asturianos en un llagar, con gaitas y tambores, que est\u00e1n tocando canciones t\u00edpicas de la regi\u00f3n, entre ellas, el &#8220;Asturias Patria Querida&#8221;, que equivaldr\u00eda en este caso al momento en el que los nueve suizos de mi mesa empezaron a cantar a voz en grito T-T El punto sobre las ies se lo puso el tipo que con una escoba y una cuchara de madera que se encarg\u00f3 de la percusi\u00f3n fO.o<\/p>\n<p>\u2013 El ataque de mis clones, 2\u00aa parte: que viene a ser lo mismo que &#8220;c\u00f3mo estar en dos sitios a la vez y no enterarse&#8221;. Mientras ve\u00eda la demostraci\u00f3n de folklore suizo, recib\u00ed un e-mail en mi iPhone de Mobility con la reserva de un Smart en Z\u00fcrich HB para ese mismo d\u00eda a las 13h (y esto a las 12:45). Mi mente pensante empez\u00f3 a hacer conjeturas: \u00bfme han robado el monedero? No, que la tarjeta de Mobility la dej\u00e9 en casa, \u00bfhan entrado en casa y se han llevado la tarjeta? Improbable \u00bfme han hackeado la cuenta? Cambiemos la contrase\u00f1a. El caso es que llamo a Mobility y les digo que estoy en medio del Neuerburger Jura y es imposible (y bastante tonto) que haya hecho semejante reserva, si, aunque quiera, no puedo usarla. Afortunadamente consideraron que hab\u00eda sido un fallo de ellos y cancelaron la reserva sin costes para m\u00ed&#8230; Pero, \u00bfno da un poco de yuyu? fO.o<\/p>\n<p>\u2013 La vista de los Alpes, o sea, La Vue des Alpes: ya de la que lleg\u00e1bamos se pod\u00eda ver porqu\u00e9 el lugar se llama as\u00ed, pero es que en la \u00faltima colina antes de llegar al hotel la vista era espectacular y eso que hac\u00eda mal tiempo. Si llega a estar depejado, \u00a1bufff! Luego en el hotel despu\u00e9s de una duchita calentita, bajamos a cenar y&#8230; entramos en otro mundo&#8230; Mientras nos, monta\u00f1eros, \u00edbamos con ropita c\u00f3moda y zapatillas de andar por casa, la gente lleg\u00f3 al restaurante del hotel vestida como para la entrega de los Oscars pero en plan cutre (y en versi\u00f3n INSERSO). Todos lo pasaron genial disfrutando del evento, m\u00e1s por mirar que por participar, que participaron. A m\u00ed me pareci\u00f3 especialmente decadente ver a una se\u00f1ora de m\u00e1s de 60 a\u00f1os vestida super ce\u00f1ida y con unos zapatos de plataforma y 8 cent\u00edmetros de tac\u00f3n. Estoy segura de que deb\u00eda de bailar de p*** madre con ellos, pero verla andar hac\u00eda que me doliesen los tobillos, \u00a1auch! Eso s\u00ed, la gente no es tonta y no se va con los zapatos al baile&#8230; Ellos llegaban con sus botas de nieve y en la entrada trasera, que quedaba pa donde nosotros estabamos sentados, se cambiaban y se pon\u00edan todos mon\u00edsimos de la muerte &#8211; ellos tambi\u00e9n, ojo. Despu\u00e9s de un par de horas de aguantar cosas como &#8220;La Bomba&#8221; y m\u00fasica francesa que no conoc\u00eda de nada, me fui a la cama antes que nadie. <\/p>\n<p>\u2013 El d\u00eda despu\u00e9s: Por la noche cay\u00f3 una tormenta de tres pares de narices con aire fuerte del sur y nieve. Por la ma\u00f1ana amaneci\u00f3 tranquilo pero segu\u00eda tirando un aire feroz (llamado por aqu\u00ed <em>F\u00f6hn<\/em> porque es c\u00e1lido) y yo no ten\u00eda ganas de nada. Ya no me dol\u00eda la rodilla como el d\u00eda anterior, pero ten\u00eda unas agujetas tremendas, as\u00ed que decid\u00ed irme a casa en el autobus de las 9:35. El resto se fueron a las 9 y algo y yo pregunt\u00e9 en el hotel en ingl\u00e9s d\u00f3nde estaba la parada del bus, que no se ve\u00eda por ninguna parte (\u00bfc\u00f3mo se iba a ver si la se\u00f1al era min\u00fascula?). El caso es que me dicen que hay que llamar por tel\u00e9fono y pedir el bus&#8230; Llamo a los n\u00fameros de tel\u00e9fono que me dieron y nadie cojo el tel\u00e9fono, as\u00ed que decido buscarlo en Internet. Mientras me peleo con la web de la SBB en el iPhone y empiezo a pensar que igual tengo que llamar a los raquetistas para que me esperen y seguir camino a pie (el pr\u00f3ximo bus era a la una de la tarde), para un coche a mi lado y un se\u00f1or me pregunta en franc\u00e9s algo de Neuch\u00e2tel. Yo, que de franc\u00e9s ni papa, le digo como puedo que tengo que ir a Neuch\u00e2tel o a La-Chaux-de-Fonds. El tipo me dice algo que no entiendo, yo le digo que <em>a Neuch\u00e2tel a la gare <\/em>me va bien (o eso creo que le dije). Al final, me dice que me monte que me lleva a Neuch\u00e2tel. Cinco segundos despu\u00e9s de montarme en el coche, ya ten\u00eda fabricadas en mi imaginaci\u00f3n todas las posibles situaciones en las que el tipo me secuestraba y estaba preparada para saltar del coche en caso de necesidad. Vamos, que de repente mi subconsciente me estaba gritando: &#8220;Pero, mari, no le conoces de nada, no sabes ni c\u00f3mo se llama, \u00bfQU\u00c9 OSTIAS HACES EN EL COCHE DE ESTE DESCONOCIDO?&#8221;. Afortunadamente todo sali\u00f3 bien, llegu\u00e9 a la <em>gare<\/em> a las 9:50 y me dio tiempo a comprar unos bomboncitos hechos con absinta, especialidad de la regi\u00f3n, y t\u00e9 rooibos con gengibre xDDD A Christoph le mand\u00e9 un SMS pero no pareci\u00f3 impactarle mucho la noticia de mis viajes aventureros en coches desconocidos, porque s\u00f3lo me contest\u00f3: &#8220;Vale. Beso. Chris&#8221; fO.o Al buen se\u00f1or intent\u00e9 pagarle, darle algo para que se tomase un cafetus y un <em>St\u00fcck Kuchen<\/em> a mi salud, pero casi se enfada conmigo, as\u00ed que decid\u00ed no tentar a mi suerte y le dese\u00e9 un feliz domingo y le di las gracias. Despu\u00e9s de 10 minutos, me di cuenta de que al final no le hab\u00eda preguntado c\u00f3mo se llamaba xP En fin&#8230; <\/p>\n<p>Al final, yo llegu\u00e9 a casa a eso de la 1. Me dio tiempo a limpiar, leer, hacer muffins de Nutella e ir a correr al ritmo de &#8220;Arkadien erwacht&#8221; (aunque s\u00f3lo 20 minutos que empez\u00f3 a llover). Christoph lleg\u00f3 a las 6, m\u00e1s o menos, diciendo que el tiempo hab\u00eda estado genial, no hab\u00eda hecho fr\u00edo ni hab\u00eda llovido y que podr\u00eda haberlo hecho sin problemas&#8230; \u00a1pero el viento no hab\u00eda dejado de soplar, carajo!<\/p>\n<p>En fin&#8230; esto ha quedao mucho m\u00e1s largo de lo que ten\u00eda planeado fO.o As\u00ed que en vez de comentarlo todo s\u00f3lo pregunto: \u00bfhab\u00e9is visto que &#8220;The hurt locker&#8221; ha desbancado a &#8220;Avatar&#8221; en los Oscars? Que viene a ser lo mismo que decir que Kathryn Bigelow le ha dao un par de patadas en el culo a su ex-marido xDDDD No tengo mucho que decir, no he visto la pel\u00edcula, pero, aunque s\u00e9 que siendo de guerra no me va a gustar, de la mano de Kathryn Bigelow surgi\u00f3 en el 95 esa joyita que es &#8220;Strange Days&#8221;, as\u00ed que igual hasta me animo y la veo \ud83d\ude1b<\/p>\n<p>Y ahora os dejo, me voy a clase de japon\u00e9s \u3055\u3088\u306a\u3089, baby!<\/p>\n<p>Con esto y un bizcocho&#8230; Besos<br \/>\nCris <\/p>\n","protected":false},"excerpt":{"rendered":"<p>Muerto el perro se acab\u00f3 la rabia El feed ya funciona, pero no gracias a Bloglines que digamos. La nueva direcci\u00f3n del Feed es: http:\/\/feeds.feedburner.com\/diariodelapecera y jurar\u00eda que la oficial http:\/\/lapecera.ch\/feed deber\u00eda redireccionaros a la primera, pero a\u00fan no he hecho suficientes tests (de hecho este post es un test xD). Esta direcci\u00f3n deber\u00eda funcionar [&hellip;]<\/p>\n","protected":false},"author":3,"featured_media":0,"comment_status":"open","ping_status":"closed","sticky":false,"template":"","format":"standard","meta":{"footnotes":""},"categories":[],"tags":[],"class_list":["post-516","post","type-post","status-publish","format-standard","hentry"],"_links":{"self":[{"href":"https:\/\/blog.lapecera.ch\/index.php?rest_route=\/wp\/v2\/posts\/516","targetHints":{"allow":["GET"]}}],"collection":[{"href":"https:\/\/blog.lapecera.ch\/index.php?rest_route=\/wp\/v2\/posts"}],"about":[{"href":"https:\/\/blog.lapecera.ch\/index.php?rest_route=\/wp\/v2\/types\/post"}],"author":[{"embeddable":true,"href":"https:\/\/blog.lapecera.ch\/index.php?rest_route=\/wp\/v2\/users\/3"}],"replies":[{"embeddable":true,"href":"https:\/\/blog.lapecera.ch\/index.php?rest_route=%2Fwp%2Fv2%2Fcomments&post=516"}],"version-history":[{"count":0,"href":"https:\/\/blog.lapecera.ch\/index.php?rest_route=\/wp\/v2\/posts\/516\/revisions"}],"wp:attachment":[{"href":"https:\/\/blog.lapecera.ch\/index.php?rest_route=%2Fwp%2Fv2%2Fmedia&parent=516"}],"wp:term":[{"taxonomy":"category","embeddable":true,"href":"https:\/\/blog.lapecera.ch\/index.php?rest_route=%2Fwp%2Fv2%2Fcategories&post=516"},{"taxonomy":"post_tag","embeddable":true,"href":"https:\/\/blog.lapecera.ch\/index.php?rest_route=%2Fwp%2Fv2%2Ftags&post=516"}],"curies":[{"name":"wp","href":"https:\/\/api.w.org\/{rel}","templated":true}]}}