{"id":504,"date":"2010-03-02T19:04:50","date_gmt":"2010-03-02T17:04:50","guid":{"rendered":"http:\/\/lapecera.ch\/?p=504"},"modified":"2010-03-02T19:04:50","modified_gmt":"2010-03-02T17:04:50","slug":"la-maldicion-de-las-trilogias-3%c2%aa-parte","status":"publish","type":"post","link":"https:\/\/blog.lapecera.ch\/?p=504","title":{"rendered":"La maldici\u00f3n de las trilog\u00edas, 3\u00aa parte"},"content":{"rendered":"<p><a href=\"http:\/\/www.kaimeyer.net\/\" target=\"_blank\"><img loading=\"lazy\" decoding=\"async\" src=\"http:\/\/lapecera.ch\/wp-content\/uploads\/2010\/03\/8472609_8472609_xl-204x300.jpg\" alt=\"\" title=\"arkadien erwacht\" width=\"204\" height=\"300\" class=\"alignright size-medium wp-image-505\" srcset=\"https:\/\/blog.lapecera.ch\/wp-content\/uploads\/2010\/03\/8472609_8472609_xl-204x300.jpg 204w, https:\/\/blog.lapecera.ch\/wp-content\/uploads\/2010\/03\/8472609_8472609_xl.jpg 436w\" sizes=\"auto, (max-width: 204px) 100vw, 204px\" \/><\/a>Otro d\u00eda me paso a colgar las fotos (Christoph se dej\u00f3 la c\u00e1mara en la mochila y la baj\u00f3 al <em>Keller<\/em> \u00ac\u00ac) y a relataros las aventuras del fin de semana pasado, que hubo un poco de todo, pero de momento le toca turno a &#8220;Arkadien erwacht&#8221; y Kai Meyer. Ayer me pas\u00e9 por su web y le\u00ed una entrevista que le hicieron. En ella cuenta que si bien &#8220;Arkadien erwacht&#8221; es parte de una serie, no es una trilog\u00eda. \u00a1ALELUYA! Es muy probable que acabe constando s\u00f3lo de tres libros, pero ser\u00e1n, m\u00e1s o menos, autoconclusivo con un hilo central que sea el que quede abierto. En palabras del autor, &#8220;Arkadien erwacht&#8221; no es una historia larga que se desarrolla a lo largo de tres libros, sino que cada libro tiene una historia diferente con los mismos personajes y un mismo hilo que los une. <\/p>\n<p>No sab\u00e9is qu\u00e9 tranquila me he quedao despu\u00e9s de eso. El viernes me hab\u00eda comprado el audiobook para escucharlo en el camino de ida o de vuelta de la monta\u00f1a \u2013cualquiera se lleva el tocho de tapa dura y 400 p\u00e1ginas a un <em>Schneeschuhwanderung<\/em>\u2013 y ahora que llevo le\u00eddo\/o\u00eddo m\u00e1s de medio libro, no me arrepiento de haber gastado 26 francos en \u00e9l (el hombre que lo lee, Andreas Fr\u00f6hlich, el actor de doblaje que le da voz a Edward Norton en alem\u00e1n, tiene una voz magn\u00edfica y una dicci\u00f3n alucinante, da gusto escucharle *__*). De hecho, el domingo fui a correr escuchando el libro y he descubierto una nueva forma de hacer deporte y &#8220;leer&#8221; al mismo tiempo&#8230; No se me hab\u00eda ocurrido con anterioridad, pero es genial, as\u00ed mato dos p\u00e1jaros de un solo tiro xDDD<\/p>\n<p>La historia de &#8220;Arkadien erwacht&#8221; mezcla una historia de mafiosos en Sicilia con el mito de la Arcadia (del que no hab\u00eda o\u00eddo hablar en mi vida, pero que mola). Los personajes principales son interesantes, carism\u00e1ticos y est\u00e1n bien definidos, sin caer demasiado en estereotipos. Me estoy pensando muy seriamente escribir sobre \u00e9l para El Templo, porque el libro merece la pena, lo mismo que su autor, evidentemente. Aunque Kai Meyer tiene libros publicados en Espa\u00f1a (hace poco han publicado &#8220;La conspiraci\u00f3n del Vaticano&#8221;), creo que es todav\u00eda una gran desconocido y yo le he descubierto por pura casualidad gracias a la portada de &#8220;Arkadien erwacht&#8221; *___* Tengo otro libro suyo en casa, &#8220;Der Wellenl\u00e4ufer&#8221;, espero poder leerlo pronto.<\/p>\n<p>Y nada, despu\u00e9s de otro d\u00eda m\u00e1s con ciento y un mil cosas que hacer, me voy pa casa a LEER&#8230; Estoy hecha polvo y ma\u00f1ana empieza la marcha aka campa\u00f1a de testing T-T Des\u00e9enme suerte \ud83d\ude1b<\/p>\n<p>Con esto y un bizcocho&#8230; Besos<br \/>\nCris<\/p>\n<p>PS: Por pura casualidad, \u00bfHAY ALGUIEN? (alguien, <span style=\"font-size:10px\">alguien<\/span>, <span style=\"font-size:7px\">alguien<\/span>)<\/p>\n","protected":false},"excerpt":{"rendered":"<p>Otro d\u00eda me paso a colgar las fotos (Christoph se dej\u00f3 la c\u00e1mara en la mochila y la baj\u00f3 al Keller \u00ac\u00ac) y a relataros las aventuras del fin de semana pasado, que hubo un poco de todo, pero de momento le toca turno a &#8220;Arkadien erwacht&#8221; y Kai Meyer. Ayer me pas\u00e9 por su [&hellip;]<\/p>\n","protected":false},"author":3,"featured_media":0,"comment_status":"open","ping_status":"closed","sticky":false,"template":"","format":"standard","meta":{"footnotes":""},"categories":[],"tags":[],"class_list":["post-504","post","type-post","status-publish","format-standard","hentry"],"_links":{"self":[{"href":"https:\/\/blog.lapecera.ch\/index.php?rest_route=\/wp\/v2\/posts\/504","targetHints":{"allow":["GET"]}}],"collection":[{"href":"https:\/\/blog.lapecera.ch\/index.php?rest_route=\/wp\/v2\/posts"}],"about":[{"href":"https:\/\/blog.lapecera.ch\/index.php?rest_route=\/wp\/v2\/types\/post"}],"author":[{"embeddable":true,"href":"https:\/\/blog.lapecera.ch\/index.php?rest_route=\/wp\/v2\/users\/3"}],"replies":[{"embeddable":true,"href":"https:\/\/blog.lapecera.ch\/index.php?rest_route=%2Fwp%2Fv2%2Fcomments&post=504"}],"version-history":[{"count":0,"href":"https:\/\/blog.lapecera.ch\/index.php?rest_route=\/wp\/v2\/posts\/504\/revisions"}],"wp:attachment":[{"href":"https:\/\/blog.lapecera.ch\/index.php?rest_route=%2Fwp%2Fv2%2Fmedia&parent=504"}],"wp:term":[{"taxonomy":"category","embeddable":true,"href":"https:\/\/blog.lapecera.ch\/index.php?rest_route=%2Fwp%2Fv2%2Fcategories&post=504"},{"taxonomy":"post_tag","embeddable":true,"href":"https:\/\/blog.lapecera.ch\/index.php?rest_route=%2Fwp%2Fv2%2Ftags&post=504"}],"curies":[{"name":"wp","href":"https:\/\/api.w.org\/{rel}","templated":true}]}}