{"id":492,"date":"2010-02-27T10:01:13","date_gmt":"2010-02-27T08:01:13","guid":{"rendered":"http:\/\/lapecera.ch\/?p=492"},"modified":"2010-02-27T10:01:13","modified_gmt":"2010-02-27T08:01:13","slug":"and-the-oscar-will-go-to-iii","status":"publish","type":"post","link":"https:\/\/blog.lapecera.ch\/?p=492","title":{"rendered":"And the Oscar will go to&#8230; (III)"},"content":{"rendered":"<p>A una semana de la ceremonia de entrega de los Oscars en el Kodak Theatre en Los Angeles algunos de los premiados est\u00e1n casi cantados, sobre todo, despu\u00e9s de los Globos de Oro.<\/p>\n<p>En la <a href=\"http:\/\/www.imdb.com\/features\/rto\/2010\/\" target=\"_blank\">IMDB<\/a> tienen una <a href=\"http:\/\/lapecera.ch\/wp-content\/uploads\/2010\/02\/oscars2010.png\" target=\"_blank\">encuesta<\/a> para los usuarios registrados y salvo &#8220;Mejor director&#8221;, donde Kathryn Bigelow le pisa los talones a su ex-marido, James Cameron, y quiz\u00e1 en &#8220;Mejor pel\u00edcula&#8221;, donde va ganando&#8230; \u00a1tach\u00e1n! &#8220;Avatar&#8221;, pero &#8220;Inglorious Basterds&#8221; la sigue de cerca, el resto se podr\u00eda dar por seguro, si nos, usuarios de IMDB, fu\u00e9ramos quienes damos los premios xDDD<\/p>\n<p><a href=\"http:\/\/lapecera.ch\/wp-content\/uploads\/2010\/02\/lady.jpg\" rel=\"example3\"><img loading=\"lazy\" decoding=\"async\" src=\"http:\/\/lapecera.ch\/wp-content\/uploads\/2010\/02\/lady-150x150.jpg\" alt=\"\" title=\"lady\" width=\"150\" height=\"150\" class=\"alignleft size-thumbnail wp-image-496\" \/><\/a>Este a\u00f1o estoy igual que los anteriores o incluso peor. S\u00f3lo he visto &#8220;Avatar&#8221; e &#8220;Inglorious Basterds&#8221;, as\u00ed que lo \u00fanico que puedo decir es que me gustar\u00eda que Christoph Waltz se lleve el Oscar al mejor actor secundario. Su personaje en &#8220;Inglorious Basterds&#8221; es genial&#8230; Y sin quitarle m\u00e9rito al se\u00f1or Bridges, preferir\u00eda que se llevase el Oscar al mejor actor principal, Morgan &#8220;Nelson Mandela&#8221; Freeman, porque me gusta el actor y me gusta el personaje hist\u00f3rico que interpreta, lo haga bien o mal, eso me da igual&#8230; \ud83d\ude42 Y \u00bfa qu\u00e9 no sab\u00e9is cu\u00e1l es mi favorita para el mejor gui\u00f3n original? Esa misma, la de dibujos animados&#8230;<\/p>\n<p>Y ahora la noticia bomba del fin de semana: no estoy en casa y publico desde las raquetas de nieve xD No, no era eso. Siguiendo con el hilo del post, o sea, el cine, \u00bfsab\u00edais que est\u00e1n preparando un remake de <a class=\"example7\" href=\"http:\/\/www.imdb.com\/title\/tt1243945\/\">My fair lady<\/a> para el 2012? Se rumorea que Carey Mulligan, la que est\u00e1 nominada por &#8220;An Education&#8221; este a\u00f1o, har\u00e1 de Eliza Doolittle. No estoy muy segura de querer ver, ni siquiera o\u00edr hablar del remake de una peli de Audrey Hepburn. Da miedo, estropear\u00e1n una de mis pel\u00edculas favoritas y eso no deber\u00eda pasar <span style=\"font-size:9px;\">(aunque &#8220;Sabrina&#8221; no sali\u00f3 tan mal)<\/span> T-T<\/p>\n<p>En fin, ni\u00f1os y ni\u00f1as, \u00bfqu\u00e9 piensan ustedes sobre los Oscars? \u00bfCu\u00e1les son vuestras apuestas? <span style=\"font-size:9px;\">(y no me dig\u00e1is Pen\u00e9lope Cruz, que esa ya se llev\u00f3 el Oscar el a\u00f1o pasado, sin merecerlo, y la probabilidad de repetir en a\u00f1os consecutivos en min\u00fascula, \u00a1seamos realistas!).<\/span><\/p>\n<p>Y ahora voy a seguir con lo que estaba haciendo v.v<\/p>\n<p>Con esto y un bizcocho&#8230; Besos<br \/>\nCris<\/p>\n","protected":false},"excerpt":{"rendered":"<p>A una semana de la ceremonia de entrega de los Oscars en el Kodak Theatre en Los Angeles algunos de los premiados est\u00e1n casi cantados, sobre todo, despu\u00e9s de los Globos de Oro. En la IMDB tienen una encuesta para los usuarios registrados y salvo &#8220;Mejor director&#8221;, donde Kathryn Bigelow le pisa los talones a [&hellip;]<\/p>\n","protected":false},"author":3,"featured_media":0,"comment_status":"open","ping_status":"closed","sticky":false,"template":"","format":"standard","meta":{"footnotes":""},"categories":[],"tags":[],"class_list":["post-492","post","type-post","status-publish","format-standard","hentry"],"_links":{"self":[{"href":"https:\/\/blog.lapecera.ch\/index.php?rest_route=\/wp\/v2\/posts\/492","targetHints":{"allow":["GET"]}}],"collection":[{"href":"https:\/\/blog.lapecera.ch\/index.php?rest_route=\/wp\/v2\/posts"}],"about":[{"href":"https:\/\/blog.lapecera.ch\/index.php?rest_route=\/wp\/v2\/types\/post"}],"author":[{"embeddable":true,"href":"https:\/\/blog.lapecera.ch\/index.php?rest_route=\/wp\/v2\/users\/3"}],"replies":[{"embeddable":true,"href":"https:\/\/blog.lapecera.ch\/index.php?rest_route=%2Fwp%2Fv2%2Fcomments&post=492"}],"version-history":[{"count":0,"href":"https:\/\/blog.lapecera.ch\/index.php?rest_route=\/wp\/v2\/posts\/492\/revisions"}],"wp:attachment":[{"href":"https:\/\/blog.lapecera.ch\/index.php?rest_route=%2Fwp%2Fv2%2Fmedia&parent=492"}],"wp:term":[{"taxonomy":"category","embeddable":true,"href":"https:\/\/blog.lapecera.ch\/index.php?rest_route=%2Fwp%2Fv2%2Fcategories&post=492"},{"taxonomy":"post_tag","embeddable":true,"href":"https:\/\/blog.lapecera.ch\/index.php?rest_route=%2Fwp%2Fv2%2Ftags&post=492"}],"curies":[{"name":"wp","href":"https:\/\/api.w.org\/{rel}","templated":true}]}}