{"id":487,"date":"2010-02-26T11:36:28","date_gmt":"2010-02-26T09:36:28","guid":{"rendered":"http:\/\/lapecera.ch\/?p=487"},"modified":"2010-02-26T11:36:28","modified_gmt":"2010-02-26T09:36:28","slug":"la-maldicion-de-las-trilogias-2","status":"publish","type":"post","link":"https:\/\/blog.lapecera.ch\/?p=487","title":{"rendered":"La maldici\u00f3n de las trilog\u00edas, 2\u00aa parte"},"content":{"rendered":"<p>Me lo tem\u00eda. Ayer os dec\u00eda que esperaba que &#8220;Arkadien erwacht&#8221; no fuera una trilog\u00eda o saga&#8230; pues bien, hoy he visitado el sitio web del autor, <a href=\"http:\/\/www.kaimeyer.net\" class=\"example7\">Kai Meyer<\/a> y \u00bfqu\u00e9 me encuentro? Esto:<\/p>\n<p><a href=\"http:\/\/lapecera.ch\/wp-content\/uploads\/2010\/02\/arkadien.png\" rel=\"example3\"><img loading=\"lazy\" decoding=\"async\" src=\"http:\/\/lapecera.ch\/wp-content\/uploads\/2010\/02\/arkadien-300x124.png\" alt=\"\" title=\"arkadien\" width=\"300\" height=\"124\" class=\"alignnone size-medium wp-image-488\" srcset=\"https:\/\/blog.lapecera.ch\/wp-content\/uploads\/2010\/02\/arkadien-300x124.png 300w, https:\/\/blog.lapecera.ch\/wp-content\/uploads\/2010\/02\/arkadien.png 662w\" sizes=\"auto, (max-width: 300px) 100vw, 300px\" \/><\/a><\/p>\n<p>T-T<\/p>\n<p>Me retiro, voy a leerme el libro porque Rosa mola como personaje y me intriga lo poco que he le\u00eddo de ella (voy por la p\u00e1gina 18). Adem\u00e1s, quiero escribir un art\u00edculo para ElTemplo sobre este libro, pero luego&#8230; luego voy a leerme &#8220;La isla de los ping\u00fcinos&#8221; de Anatole France y continuar\u00e9 con todo lo que pille por casa que no sea parte integrante de una saga. Me declaro en huelga de trilog\u00edas, \u00a1punto pelota!<\/p>\n<p>Y ahora os dejo, voy a trabajar que pa eso me pagan xDD <\/p>\n<p>Con esto y un bizcocho&#8230; Besos<br \/>\nCris<\/p>\n","protected":false},"excerpt":{"rendered":"<p>Me lo tem\u00eda. Ayer os dec\u00eda que esperaba que &#8220;Arkadien erwacht&#8221; no fuera una trilog\u00eda o saga&#8230; pues bien, hoy he visitado el sitio web del autor, Kai Meyer y \u00bfqu\u00e9 me encuentro? Esto: T-T Me retiro, voy a leerme el libro porque Rosa mola como personaje y me intriga lo poco que he le\u00eddo [&hellip;]<\/p>\n","protected":false},"author":3,"featured_media":0,"comment_status":"open","ping_status":"closed","sticky":false,"template":"","format":"standard","meta":{"footnotes":""},"categories":[],"tags":[],"class_list":["post-487","post","type-post","status-publish","format-standard","hentry"],"_links":{"self":[{"href":"https:\/\/blog.lapecera.ch\/index.php?rest_route=\/wp\/v2\/posts\/487","targetHints":{"allow":["GET"]}}],"collection":[{"href":"https:\/\/blog.lapecera.ch\/index.php?rest_route=\/wp\/v2\/posts"}],"about":[{"href":"https:\/\/blog.lapecera.ch\/index.php?rest_route=\/wp\/v2\/types\/post"}],"author":[{"embeddable":true,"href":"https:\/\/blog.lapecera.ch\/index.php?rest_route=\/wp\/v2\/users\/3"}],"replies":[{"embeddable":true,"href":"https:\/\/blog.lapecera.ch\/index.php?rest_route=%2Fwp%2Fv2%2Fcomments&post=487"}],"version-history":[{"count":0,"href":"https:\/\/blog.lapecera.ch\/index.php?rest_route=\/wp\/v2\/posts\/487\/revisions"}],"wp:attachment":[{"href":"https:\/\/blog.lapecera.ch\/index.php?rest_route=%2Fwp%2Fv2%2Fmedia&parent=487"}],"wp:term":[{"taxonomy":"category","embeddable":true,"href":"https:\/\/blog.lapecera.ch\/index.php?rest_route=%2Fwp%2Fv2%2Fcategories&post=487"},{"taxonomy":"post_tag","embeddable":true,"href":"https:\/\/blog.lapecera.ch\/index.php?rest_route=%2Fwp%2Fv2%2Ftags&post=487"}],"curies":[{"name":"wp","href":"https:\/\/api.w.org\/{rel}","templated":true}]}}