{"id":477,"date":"2010-02-25T20:23:11","date_gmt":"2010-02-25T18:23:11","guid":{"rendered":"http:\/\/lapecera.ch\/?p=477"},"modified":"2010-02-25T20:23:11","modified_gmt":"2010-02-25T18:23:11","slug":"la-maldicion-de-las-trilogias","status":"publish","type":"post","link":"https:\/\/blog.lapecera.ch\/?p=477","title":{"rendered":"La maldici\u00f3n de las trilog\u00edas"},"content":{"rendered":"<p>Acaban de darme un masaje en la cabeza y de cortarme el pelo, as\u00ed que estoy en estado &#8220;buuuuzzzaaaa&#8221; sentada en el tren de vuelta a casa. El truco para saber si tu peluquera es buena es que, despues de 10 minutos de contemplar tu pelo y manoseartelo, sepa m\u00e1s sobre \u00e9l que t\u00fa misma, que llevas con \u00e9l sobre la cabeza mas de 30 a\u00f1os. Eso es lo que me pasa cada vez que voy a <a href=\"http:\/\/www.szena.ch\" class=\"example7\">Szena<\/a> y siempre me sorprende la poca idea que ten\u00edan mis peluqueras en Espa\u00f1a \u00f2.\u00f3 <\/p>\n<p>Tengo un libro nuevo para empezar (s\u00ed, al fin acabe con la Banana), pero ahora mismo no se me apetece leer en alem\u00e1n, as\u00ed que aqu\u00ed me ten\u00e9is dando la vara&#8230; Otra vez \ud83d\ude1b <\/p>\n<p>El tema de hoy es de nuevo mi frustraci\u00f3n general bibli\u00f3fila. Ya comentaba <a href=\"http:\/\/lapecera.ch\/2009\/10\/the-forest-of-hands-and-teeth\">en otra ocasi\u00f3n<\/a> lo mucho que, por ejemplo, me decepcion\u00f3 enterarme a mitad de libro de que &#8220;Prophecy of the sisters&#8221; era una trilog\u00eda (la segunda parte sale en verano, por cierto) y lo mucho que me repatea esa tendencia general a escribir en primera persona. Pues bien, ayer en la Bookshop de Orell F\u00fcssli en Zurich me compr\u00e9 tres libros y dos son partes de trilog\u00edas (el otro son las Aventuras de Sherlock Holmes). &#8220;Shiver&#8221; de Maggie Stiefvater \u2013alias Margarita Padrastro\u2013 me lo compr\u00e9 a sabiendas, porque me llamo la atenci\u00f3n lo que le\u00ed sobre el libro en espa\u00f1ol en anobii, pero de &#8220;The keeper&#8217;s daughter&#8221; me gusto porque estaba en tercera persona narrado y como no ten\u00eda mucho tiempo para pararme a pensar y\/o investigar en mi iPhone sobre la autora, Gill *insertar apellido superraro*, me lo llev\u00e9 sin mas. Hoy me entere al leer en Amazon sobre el libro que la segunda parte, &#8220;The keeper&#8217;s tattoo&#8221;, sale en mayo, \u00a1cagun!<\/p>\n<p>No se muy bien de donde viene esta aversi\u00f3n m\u00eda por las trilog\u00edas (y sagas en general), pero me imagino que la falta de paciencia por mi parte es uno de los factores mas importantes xD Solo espero que por el momento &#8220;Arkadien erwacht&#8221;, lo que tengo ahora entre manos, no resulte ser una trilog\u00eda tambi\u00e9n o me restringir\u00e9 a leer exclusivamente cl\u00e1sicos (\u00a1qu\u00e9 rollo! v.v) o a no leer (\u00a1qu\u00e9 aburrido!). <\/p>\n<p>En fin, me quedan 10 minutos hasta Olten y me gustar\u00eda hincarle el diente a Arkadien, as\u00ed que os dejo ya \ud83d\ude09<\/p>\n<p>Con esto y un bizcocho&#8230; Besos<br \/>\nCris <\/p>\n","protected":false},"excerpt":{"rendered":"<p>Acaban de darme un masaje en la cabeza y de cortarme el pelo, as\u00ed que estoy en estado &#8220;buuuuzzzaaaa&#8221; sentada en el tren de vuelta a casa. El truco para saber si tu peluquera es buena es que, despues de 10 minutos de contemplar tu pelo y manoseartelo, sepa m\u00e1s sobre \u00e9l que t\u00fa misma, [&hellip;]<\/p>\n","protected":false},"author":3,"featured_media":0,"comment_status":"open","ping_status":"closed","sticky":false,"template":"","format":"standard","meta":{"footnotes":""},"categories":[],"tags":[],"class_list":["post-477","post","type-post","status-publish","format-standard","hentry"],"_links":{"self":[{"href":"https:\/\/blog.lapecera.ch\/index.php?rest_route=\/wp\/v2\/posts\/477","targetHints":{"allow":["GET"]}}],"collection":[{"href":"https:\/\/blog.lapecera.ch\/index.php?rest_route=\/wp\/v2\/posts"}],"about":[{"href":"https:\/\/blog.lapecera.ch\/index.php?rest_route=\/wp\/v2\/types\/post"}],"author":[{"embeddable":true,"href":"https:\/\/blog.lapecera.ch\/index.php?rest_route=\/wp\/v2\/users\/3"}],"replies":[{"embeddable":true,"href":"https:\/\/blog.lapecera.ch\/index.php?rest_route=%2Fwp%2Fv2%2Fcomments&post=477"}],"version-history":[{"count":0,"href":"https:\/\/blog.lapecera.ch\/index.php?rest_route=\/wp\/v2\/posts\/477\/revisions"}],"wp:attachment":[{"href":"https:\/\/blog.lapecera.ch\/index.php?rest_route=%2Fwp%2Fv2%2Fmedia&parent=477"}],"wp:term":[{"taxonomy":"category","embeddable":true,"href":"https:\/\/blog.lapecera.ch\/index.php?rest_route=%2Fwp%2Fv2%2Fcategories&post=477"},{"taxonomy":"post_tag","embeddable":true,"href":"https:\/\/blog.lapecera.ch\/index.php?rest_route=%2Fwp%2Fv2%2Ftags&post=477"}],"curies":[{"name":"wp","href":"https:\/\/api.w.org\/{rel}","templated":true}]}}