{"id":4742,"date":"2013-10-02T12:30:23","date_gmt":"2013-10-02T10:30:23","guid":{"rendered":"http:\/\/lapecera.ch\/?p=4742"},"modified":"2013-10-02T12:30:23","modified_gmt":"2013-10-02T10:30:23","slug":"lo-que-me-traje-de-las-americas","status":"publish","type":"post","link":"https:\/\/blog.lapecera.ch\/?p=4742","title":{"rendered":"lo que me traje de las am\u00e9ricas"},"content":{"rendered":"<p>Mientras intento echar al contrario de casa durante unas horas para poder grabar los botines literarios de agosto y septiembre (logro desbloqueado, yay!), os dejo con lo que pedisteis&#8230; m\u00e1s o menos: el bot\u00edn vacacional o las chorradas que me he tra\u00eddo de los Estados Unidos. No hay nada espectacular como pod\u00e9is ver, pero son mis recuerdos del viaje ^___^ Espero que os guste \ud83d\ude42<\/p>\n<p><object width=\"560\" height=\"315\" classid=\"clsid:d27cdb6e-ae6d-11cf-96b8-444553540000\" codebase=\"http:\/\/download.macromedia.com\/pub\/shockwave\/cabs\/flash\/swflash.cab#version=6,0,40,0\"><param name=\"allowFullScreen\" value=\"true\" \/><param name=\"allowscriptaccess\" value=\"always\" \/><param name=\"src\" value=\"http:\/\/www.youtube.com\/v\/d3JuVFSlT4g?fs=1&amp;hl=de_DE&amp;color1=0x5d1719&amp;color2=0xcd311b\" \/><param name=\"allowfullscreen\" value=\"true\" \/><embed width=\"560\" height=\"315\" type=\"application\/x-shockwave-flash\" src=\"http:\/\/www.youtube.com\/v\/d3JuVFSlT4g?fs=1&amp;hl=de_DE&amp;color1=0x5d1719&amp;color2=0xcd311b\" allowFullScreen=\"true\" allowscriptaccess=\"always\" allowfullscreen=\"true\" \/><\/object><\/p>\n<p>Y ahora, voy a ponerme a seleccionar fotos y a escribir cr\u00f3nicas, porque si no, no lo har\u00e9 en la vida (pero es que cada vez que veo la carpeta de Yellowstone con setecientas fotos me da un mal >.<). Deseadme suerte y que no borre nada importante ;P\n\nCon esto y un bizcocho... Besos\nCris\n<\/p>\n","protected":false},"excerpt":{"rendered":"<p>Mientras intento echar al contrario de casa durante unas horas para poder grabar los botines literarios de agosto y septiembre (logro desbloqueado, yay!), os dejo con lo que pedisteis&#8230; m\u00e1s o menos: el bot\u00edn vacacional o las chorradas que me he tra\u00eddo de los Estados Unidos. No hay nada espectacular como pod\u00e9is ver, pero son [&hellip;]<\/p>\n","protected":false},"author":3,"featured_media":0,"comment_status":"open","ping_status":"closed","sticky":false,"template":"","format":"standard","meta":{"footnotes":""},"categories":[],"tags":[],"class_list":["post-4742","post","type-post","status-publish","format-standard","hentry"],"_links":{"self":[{"href":"https:\/\/blog.lapecera.ch\/index.php?rest_route=\/wp\/v2\/posts\/4742","targetHints":{"allow":["GET"]}}],"collection":[{"href":"https:\/\/blog.lapecera.ch\/index.php?rest_route=\/wp\/v2\/posts"}],"about":[{"href":"https:\/\/blog.lapecera.ch\/index.php?rest_route=\/wp\/v2\/types\/post"}],"author":[{"embeddable":true,"href":"https:\/\/blog.lapecera.ch\/index.php?rest_route=\/wp\/v2\/users\/3"}],"replies":[{"embeddable":true,"href":"https:\/\/blog.lapecera.ch\/index.php?rest_route=%2Fwp%2Fv2%2Fcomments&post=4742"}],"version-history":[{"count":0,"href":"https:\/\/blog.lapecera.ch\/index.php?rest_route=\/wp\/v2\/posts\/4742\/revisions"}],"wp:attachment":[{"href":"https:\/\/blog.lapecera.ch\/index.php?rest_route=%2Fwp%2Fv2%2Fmedia&parent=4742"}],"wp:term":[{"taxonomy":"category","embeddable":true,"href":"https:\/\/blog.lapecera.ch\/index.php?rest_route=%2Fwp%2Fv2%2Fcategories&post=4742"},{"taxonomy":"post_tag","embeddable":true,"href":"https:\/\/blog.lapecera.ch\/index.php?rest_route=%2Fwp%2Fv2%2Ftags&post=4742"}],"curies":[{"name":"wp","href":"https:\/\/api.w.org\/{rel}","templated":true}]}}