{"id":47,"date":"2006-06-20T18:15:00","date_gmt":"2006-06-20T16:15:00","guid":{"rendered":"http:\/\/lapecera.ch\/?p=47"},"modified":"2006-06-20T18:15:00","modified_gmt":"2006-06-20T16:15:00","slug":"la-fiesta-del-patio","status":"publish","type":"post","link":"https:\/\/blog.lapecera.ch\/?p=47","title":{"rendered":"La Fiesta del Patio"},"content":{"rendered":"<p><a href=\"http:\/\/www.lapecera.ch\/uploaded_images\/hoffest-730936.JPG\" rel=\"example3\"><img decoding=\"async\" style=\"FLOAT: right; MARGIN: 0px 0px 10px 10px; CURSOR: hand\" alt=\"\" src=\"http:\/\/www.lapecera.ch\/uploaded_images\/hoffest-715317.JPG\" border=\"0\" \/><\/a> Hola, querid@s amig@s. Ya os hab\u00eda hablado de la Hoffest de mi empresa, no? Fue este viernes, d\u00eda 16, y estuvo GENIAL. Por la ma\u00f1ana vinieron los del catering y empezaron a preparar cosas en el patio, trajeron las mesas y los bancos y reordenaron algunas cosas para dejar sitio para el bar, la banda y la carpa para la comida. A las cinco empezaron a llegar gente, pero poquito a poquito. Yo tuve que escabullirme a toda leche a comprar ceniceros de usarytirar porque a Katharina se le hab\u00edan olvidado. Pa cuando llegu\u00e9 la mayor parte de mis compa\u00f1eros, que se hab\u00edan pirado a eso de las tres para acicalarse todos ellos (es que son de un presumido xD), ya estaban all\u00ed, junto con algunos de nuestros vecinos y algunos clientes. Pa cuando dieron las siete el fest\u00edn ya estaba servido y pudimos degustar de un catering genial. Hab\u00eda unas rodajas de platano fritas \u2013en plan patata frita\u2013 y unas brochetas de gambas, que estaban de muerte. La ambientaci\u00f3n musical tambi\u00e9n estuvo muy bien. El grupo se llamaba &#8220;moveOn&#8221; y tocaban sobre barriles o algo as\u00ed. Sonaba genial, como si fueran teclados. Me gustaron bastante, aunque a mi jefe no le gust\u00f3 un pimiento \ud83d\ude1b Lo pasamos muy bien, la comida estuvo genial, Christoph hizo buenas migas con mis compa\u00f1eros de trabajo. Lo \u00fanico malo de la fiesta es que Katharina se excedi\u00f3 queriendo que todo saliese perfecto y ahora est\u00e1 hecha una piltrafilla y no puede ir a Madrid con nosotros \ud83d\ude41<\/p>\n<p>Luego os cuento sobre el fin de semana en las monta\u00f1as paseando y durmiendo con las cabras xD<\/p>\n<p>Con esto y un bizcocho&#8230; Besos<br \/>Cris<\/p>\n","protected":false},"excerpt":{"rendered":"<p>Hola, querid@s amig@s. Ya os hab\u00eda hablado de la Hoffest de mi empresa, no? Fue este viernes, d\u00eda 16, y estuvo GENIAL. Por la ma\u00f1ana vinieron los del catering y empezaron a preparar cosas en el patio, trajeron las mesas y los bancos y reordenaron algunas cosas para dejar sitio para el bar, la banda [&hellip;]<\/p>\n","protected":false},"author":3,"featured_media":0,"comment_status":"open","ping_status":"closed","sticky":false,"template":"","format":"standard","meta":{"footnotes":""},"categories":[],"tags":[],"class_list":["post-47","post","type-post","status-publish","format-standard","hentry"],"_links":{"self":[{"href":"https:\/\/blog.lapecera.ch\/index.php?rest_route=\/wp\/v2\/posts\/47","targetHints":{"allow":["GET"]}}],"collection":[{"href":"https:\/\/blog.lapecera.ch\/index.php?rest_route=\/wp\/v2\/posts"}],"about":[{"href":"https:\/\/blog.lapecera.ch\/index.php?rest_route=\/wp\/v2\/types\/post"}],"author":[{"embeddable":true,"href":"https:\/\/blog.lapecera.ch\/index.php?rest_route=\/wp\/v2\/users\/3"}],"replies":[{"embeddable":true,"href":"https:\/\/blog.lapecera.ch\/index.php?rest_route=%2Fwp%2Fv2%2Fcomments&post=47"}],"version-history":[{"count":0,"href":"https:\/\/blog.lapecera.ch\/index.php?rest_route=\/wp\/v2\/posts\/47\/revisions"}],"wp:attachment":[{"href":"https:\/\/blog.lapecera.ch\/index.php?rest_route=%2Fwp%2Fv2%2Fmedia&parent=47"}],"wp:term":[{"taxonomy":"category","embeddable":true,"href":"https:\/\/blog.lapecera.ch\/index.php?rest_route=%2Fwp%2Fv2%2Fcategories&post=47"},{"taxonomy":"post_tag","embeddable":true,"href":"https:\/\/blog.lapecera.ch\/index.php?rest_route=%2Fwp%2Fv2%2Ftags&post=47"}],"curies":[{"name":"wp","href":"https:\/\/api.w.org\/{rel}","templated":true}]}}