{"id":4693,"date":"2013-09-23T14:09:15","date_gmt":"2013-09-23T12:09:15","guid":{"rendered":"http:\/\/lapecera.ch\/?p=4693"},"modified":"2013-09-23T14:09:15","modified_gmt":"2013-09-23T12:09:15","slug":"im-back-and-jet-lagged","status":"publish","type":"post","link":"https:\/\/blog.lapecera.ch\/?p=4693","title":{"rendered":"i&#8217;m back and jet-lagged"},"content":{"rendered":"<blockquote><p>You say good morning<br \/>\n When it&#8217;s midnight<br \/>\n Going out of my head<br \/>\n Alone in this bed<br \/>\n I wake up to your sunset<br \/>\n And it&#8217;s driving me mad<\/p><\/blockquote>\n<p>\u00a1Ya estoy de vuelta! Y sufriendo de <em>jet lag<\/em>. Bueno, al menos parte de mi cuerpo ya se siente en Suiza; lo que a\u00fan est\u00e1 en Chicago o en Salt Lake City es mi sue\u00f1o. Llevo desde que llegu\u00e9 durmiendo fatal, pero bueno, se me ir\u00e1 pasando. <\/p>\n<p>Esta entrada es cortita, simplemente para decir: \u00abOLA KE ASE\u00bb. En breve, volver\u00e9 con el \u00faltimo v\u00eddeo archivado que tengo. Mientras tanto, me pondr\u00e9 a poner en orden fotos y v\u00eddeos del viaje para poder publicarlos cuanto antes para vuestro disfrute (y dientes largos :P). <\/p>\n<p>Espero que me hay\u00e1is echao de menos \ud83d\ude09<\/p>\n<p>Con esto y un bizcocho&#8230; Besos<br \/>\nCris<\/p>\n","protected":false},"excerpt":{"rendered":"<p>You say good morning When it&#8217;s midnight Going out of my head Alone in this bed I wake up to your sunset And it&#8217;s driving me mad \u00a1Ya estoy de vuelta! Y sufriendo de jet lag. Bueno, al menos parte de mi cuerpo ya se siente en Suiza; lo que a\u00fan est\u00e1 en Chicago o [&hellip;]<\/p>\n","protected":false},"author":3,"featured_media":0,"comment_status":"open","ping_status":"closed","sticky":false,"template":"","format":"standard","meta":{"footnotes":""},"categories":[],"tags":[],"class_list":["post-4693","post","type-post","status-publish","format-standard","hentry"],"_links":{"self":[{"href":"https:\/\/blog.lapecera.ch\/index.php?rest_route=\/wp\/v2\/posts\/4693","targetHints":{"allow":["GET"]}}],"collection":[{"href":"https:\/\/blog.lapecera.ch\/index.php?rest_route=\/wp\/v2\/posts"}],"about":[{"href":"https:\/\/blog.lapecera.ch\/index.php?rest_route=\/wp\/v2\/types\/post"}],"author":[{"embeddable":true,"href":"https:\/\/blog.lapecera.ch\/index.php?rest_route=\/wp\/v2\/users\/3"}],"replies":[{"embeddable":true,"href":"https:\/\/blog.lapecera.ch\/index.php?rest_route=%2Fwp%2Fv2%2Fcomments&post=4693"}],"version-history":[{"count":0,"href":"https:\/\/blog.lapecera.ch\/index.php?rest_route=\/wp\/v2\/posts\/4693\/revisions"}],"wp:attachment":[{"href":"https:\/\/blog.lapecera.ch\/index.php?rest_route=%2Fwp%2Fv2%2Fmedia&parent=4693"}],"wp:term":[{"taxonomy":"category","embeddable":true,"href":"https:\/\/blog.lapecera.ch\/index.php?rest_route=%2Fwp%2Fv2%2Fcategories&post=4693"},{"taxonomy":"post_tag","embeddable":true,"href":"https:\/\/blog.lapecera.ch\/index.php?rest_route=%2Fwp%2Fv2%2Ftags&post=4693"}],"curies":[{"name":"wp","href":"https:\/\/api.w.org\/{rel}","templated":true}]}}