{"id":4670,"date":"2013-08-29T09:30:17","date_gmt":"2013-08-29T07:30:17","guid":{"rendered":"http:\/\/lapecera.ch\/?p=4670"},"modified":"2013-08-29T09:30:17","modified_gmt":"2013-08-29T07:30:17","slug":"see-you-later","status":"publish","type":"post","link":"https:\/\/blog.lapecera.ch\/?p=4670","title":{"rendered":"see you later"},"content":{"rendered":"<p><img loading=\"lazy\" decoding=\"async\" src=\"http:\/\/blog.lapecera.ch\/wp-content\/uploads\/2013\/08\/cerrado2-200x150.jpg\" alt=\"Cerrado hasta que abramos\" width=\"200\" height=\"150\" class=\"alignright size-medium wp-image-4676\" \/>Os recuerdo que ma\u00f1ana a estas horas me voy pa los Estados Unidos y estar\u00e9 por all\u00e1&#8217;lante tres semanas, en principio, sin Internet y fijo que sin ordenador (porque no lo llevo xD), as\u00ed que no va a haber nuevos v\u00eddeos, ni entradas en el blog y tampoco voy a poder contestar a los comentarios que me dej\u00e9is (lo cual no quita pa que coment\u00e9is de todas formas, \u00bfeh?).<\/p>\n<p>Si os aburr\u00eds mucho, os recomiendo como lectura para septiembre el nuevo n\u00famero de <em><a href=\"http:\/\/www.eltemplodelasmilpuertas.com\/revista\/35\/\" target=\"_blank\">El Templo de las Mil Puertas<\/a><\/em> que acaba de salir del horno con un mont\u00f3n de novedades y nuevas incorporaciones al equipo. Y si me ech\u00e1is mucho de menos, pod\u00e9is veros de nuevo <a href=\"http:\/\/www.youtube.com\/papalbina\" target=\"_blank\">todos mis v\u00eddeos<\/a> o leeros mi blog de pe a pa (\u00a1hey, nueve a\u00f1os de entradas dan para leer un rato muy largo) \ud83d\ude09 \u00a1Ah! Y recordad que la encuesta de la derecha estar\u00e1 abierta hasta mediados de septiembre por si alguien m\u00e1s quiere votar \ud83d\ude42<\/p>\n<p>El 23 de septiembre estar\u00e9 de vuelta para contaros mis aventuras con v\u00eddeos, fotos, cr\u00f3nica del viaje, nuevos botines literarios y dem\u00e1s \ud83d\ude09<\/p>\n<p>Pero antes de marcharme y, como lo prometido es deuda, os dejo con el v\u00eddeo para celebrar esas m\u00e1s de 200 suscripciones al canal de <em>La Pecera<\/em> en YouTube y daros las gracias por ello \ud83d\ude09 \u00a1Espero que os guste!<\/p>\n<p><object width=\"560\" height=\"315\" classid=\"clsid:d27cdb6e-ae6d-11cf-96b8-444553540000\" codebase=\"http:\/\/download.macromedia.com\/pub\/shockwave\/cabs\/flash\/swflash.cab#version=6,0,40,0\"><param name=\"allowFullScreen\" value=\"true\" \/><param name=\"allowscriptaccess\" value=\"always\" \/><param name=\"src\" value=\"http:\/\/www.youtube.com\/v\/gnGJykYEyCU?fs=1&amp;hl=de_DE&amp;color1=0x5d1719&amp;color2=0xcd311b\" \/><param name=\"allowfullscreen\" value=\"true\" \/><embed width=\"560\" height=\"315\" type=\"application\/x-shockwave-flash\" src=\"http:\/\/www.youtube.com\/v\/gnGJykYEyCU?fs=1&amp;hl=de_DE&amp;color1=0x5d1719&amp;color2=0xcd311b\" allowFullScreen=\"true\" allowscriptaccess=\"always\" allowfullscreen=\"true\" \/><\/object><\/p>\n<p>Y muchas gracias a <a href=\"http:\/\/www.youtube.com\/channel\/UCBz87Gg1ofanqBwrSpMNCfA\" target=\"_blank\">LuaLunera<\/a>, tambi\u00e9n conocida como Ligeia o Laura, porque ha sido nombrarme en su v\u00eddeo y que me subieran los suscriptores como la espuma xDDD Ayer por la ma\u00f1ana el canal ten\u00eda 207 suscriptores, los casi 300 que hay ahora (si no han llegado ya a esa cifra desde que escrib\u00ed esto) son todo obra de su v\u00eddeorespuesta \ud83d\ude42 (bueno, y de mi encanto natural, claro :P)<\/p>\n<p>Nos vemos \ud83d\ude42<\/p>\n<p>Con esto y un bizcocho&#8230; Besos<br \/>\nCris<\/p>\n<p>PS: 436 suscriptores cuando se public\u00f3 la entrada, \u00a1madre m\u00eda! :O<\/p>\n","protected":false},"excerpt":{"rendered":"<p>Os recuerdo que ma\u00f1ana a estas horas me voy pa los Estados Unidos y estar\u00e9 por all\u00e1&#8217;lante tres semanas, en principio, sin Internet y fijo que sin ordenador (porque no lo llevo xD), as\u00ed que no va a haber nuevos v\u00eddeos, ni entradas en el blog y tampoco voy a poder contestar a los comentarios [&hellip;]<\/p>\n","protected":false},"author":3,"featured_media":0,"comment_status":"open","ping_status":"closed","sticky":false,"template":"","format":"standard","meta":{"footnotes":""},"categories":[],"tags":[],"class_list":["post-4670","post","type-post","status-publish","format-standard","hentry"],"_links":{"self":[{"href":"https:\/\/blog.lapecera.ch\/index.php?rest_route=\/wp\/v2\/posts\/4670","targetHints":{"allow":["GET"]}}],"collection":[{"href":"https:\/\/blog.lapecera.ch\/index.php?rest_route=\/wp\/v2\/posts"}],"about":[{"href":"https:\/\/blog.lapecera.ch\/index.php?rest_route=\/wp\/v2\/types\/post"}],"author":[{"embeddable":true,"href":"https:\/\/blog.lapecera.ch\/index.php?rest_route=\/wp\/v2\/users\/3"}],"replies":[{"embeddable":true,"href":"https:\/\/blog.lapecera.ch\/index.php?rest_route=%2Fwp%2Fv2%2Fcomments&post=4670"}],"version-history":[{"count":0,"href":"https:\/\/blog.lapecera.ch\/index.php?rest_route=\/wp\/v2\/posts\/4670\/revisions"}],"wp:attachment":[{"href":"https:\/\/blog.lapecera.ch\/index.php?rest_route=%2Fwp%2Fv2%2Fmedia&parent=4670"}],"wp:term":[{"taxonomy":"category","embeddable":true,"href":"https:\/\/blog.lapecera.ch\/index.php?rest_route=%2Fwp%2Fv2%2Fcategories&post=4670"},{"taxonomy":"post_tag","embeddable":true,"href":"https:\/\/blog.lapecera.ch\/index.php?rest_route=%2Fwp%2Fv2%2Ftags&post=4670"}],"curies":[{"name":"wp","href":"https:\/\/api.w.org\/{rel}","templated":true}]}}