{"id":4656,"date":"2013-08-25T15:09:42","date_gmt":"2013-08-25T13:09:42","guid":{"rendered":"http:\/\/lapecera.ch\/?p=4656"},"modified":"2013-08-25T15:09:42","modified_gmt":"2013-08-25T13:09:42","slug":"document-your-life-agosto-2013","status":"publish","type":"post","link":"https:\/\/blog.lapecera.ch\/?p=4656","title":{"rendered":"document your life: agosto 2013"},"content":{"rendered":"<p>Pens\u00e9 que no iba a tener material suficiente, ni tiempo para hacer el \u00abDocument Your Life\u00bb de agosto, pero resulta que con una ruta de monta\u00f1a y un fin de semana en el lago de Brienz me ha dao pa un buen v\u00eddeo xDD<\/p>\n<p>Otra vez m\u00e1s el v\u00eddeo se resume en monta\u00f1as, agua, monta\u00f1as, glaciar, monta\u00f1as, agua, tren, agua, tren, vistas espectaculares \ud83d\ude1b Aunque no os lo cre\u00e1is, el lago de Brienz es de ese color raro, no es cosa de la c\u00e1mara ni del iMovie ni nada, es as\u00ed por naturaleza (y el agua est\u00e1 extramegafr\u00eda). Espero que os guste.<\/p>\n<p><object width=\"560\" height=\"315\" classid=\"clsid:d27cdb6e-ae6d-11cf-96b8-444553540000\" codebase=\"http:\/\/download.macromedia.com\/pub\/shockwave\/cabs\/flash\/swflash.cab#version=6,0,40,0\"><param name=\"allowFullScreen\" value=\"true\" \/><param name=\"allowscriptaccess\" value=\"always\" \/><param name=\"src\" value=\"http:\/\/www.youtube.com\/v\/oWMX5DKqHd0?fs=1&amp;hl=de_DE&amp;color1=0x5d1719&amp;color2=0xcd311b\" \/><param name=\"allowfullscreen\" value=\"true\" \/><embed width=\"560\" height=\"315\" type=\"application\/x-shockwave-flash\" src=\"http:\/\/www.youtube.com\/v\/oWMX5DKqHd0?fs=1&amp;hl=de_DE&amp;color1=0x5d1719&amp;color2=0xcd311b\" allowFullScreen=\"true\" allowscriptaccess=\"always\" allowfullscreen=\"true\" \/><\/object><\/p>\n<p>El pr\u00f3ximo DYL ser\u00e1 en septiembre y es m\u00e1s que probable que sea \u00fanica y exclusivamente sobre mis vacaciones en los Estados Unidos&#8230; Y hablando de vacaciones, recordad que el blog y el canal de YouTube estar\u00e1 cerrado hasta finales de septiembre; volver\u00e9 con m\u00e1s book tags, botines literarios y m\u00e1s #suiza101 \ud83d\ude09 <\/p>\n<p>\u00a1Que disfrut\u00e9is de lo que queda de verano! (aqu\u00ed se ha marchado ya v.v)<\/p>\n<p>Con esto y un bizcocho&#8230; Besos<br \/>\nCris<\/p>\n","protected":false},"excerpt":{"rendered":"<p>Pens\u00e9 que no iba a tener material suficiente, ni tiempo para hacer el \u00abDocument Your Life\u00bb de agosto, pero resulta que con una ruta de monta\u00f1a y un fin de semana en el lago de Brienz me ha dao pa un buen v\u00eddeo xDD Otra vez m\u00e1s el v\u00eddeo se resume en monta\u00f1as, agua, monta\u00f1as, [&hellip;]<\/p>\n","protected":false},"author":3,"featured_media":0,"comment_status":"open","ping_status":"closed","sticky":false,"template":"","format":"standard","meta":{"footnotes":""},"categories":[],"tags":[],"class_list":["post-4656","post","type-post","status-publish","format-standard","hentry"],"_links":{"self":[{"href":"https:\/\/blog.lapecera.ch\/index.php?rest_route=\/wp\/v2\/posts\/4656","targetHints":{"allow":["GET"]}}],"collection":[{"href":"https:\/\/blog.lapecera.ch\/index.php?rest_route=\/wp\/v2\/posts"}],"about":[{"href":"https:\/\/blog.lapecera.ch\/index.php?rest_route=\/wp\/v2\/types\/post"}],"author":[{"embeddable":true,"href":"https:\/\/blog.lapecera.ch\/index.php?rest_route=\/wp\/v2\/users\/3"}],"replies":[{"embeddable":true,"href":"https:\/\/blog.lapecera.ch\/index.php?rest_route=%2Fwp%2Fv2%2Fcomments&post=4656"}],"version-history":[{"count":0,"href":"https:\/\/blog.lapecera.ch\/index.php?rest_route=\/wp\/v2\/posts\/4656\/revisions"}],"wp:attachment":[{"href":"https:\/\/blog.lapecera.ch\/index.php?rest_route=%2Fwp%2Fv2%2Fmedia&parent=4656"}],"wp:term":[{"taxonomy":"category","embeddable":true,"href":"https:\/\/blog.lapecera.ch\/index.php?rest_route=%2Fwp%2Fv2%2Fcategories&post=4656"},{"taxonomy":"post_tag","embeddable":true,"href":"https:\/\/blog.lapecera.ch\/index.php?rest_route=%2Fwp%2Fv2%2Ftags&post=4656"}],"curies":[{"name":"wp","href":"https:\/\/api.w.org\/{rel}","templated":true}]}}