{"id":4626,"date":"2013-09-24T15:28:16","date_gmt":"2013-09-24T13:28:16","guid":{"rendered":"http:\/\/lapecera.ch\/?p=4626"},"modified":"2013-09-24T15:28:16","modified_gmt":"2013-09-24T13:28:16","slug":"book-tag-los-colores-del-arco-iris","status":"publish","type":"post","link":"https:\/\/blog.lapecera.ch\/?p=4626","title":{"rendered":"book tag: los colores del arco iris"},"content":{"rendered":"<p>\u00a1Hola a todos! \u00a1S\u00ed, otro v\u00eddeo&#8230;!<\/p>\n<p>Este est\u00e1 grabado antes de mis vacaciones y me lo guard\u00e9 en la manga porque sab\u00eda que a la vuelta, iba a tardar unos d\u00edas en ser yo y en ponerme al d\u00eda&#8230; Y tampoco era plan de saturaros con tanto v\u00eddeo seguido justo antes de desaparecer durante tres semanas, \u00bfno? (y como YouTube no me deja programar las publicaciones, pues&#8230;). <\/p>\n<p>Esta vez es un <em>book tag<\/em> sencillote, ese de encontrar libros\/lomos con los siete colores del arco iris. Es f\u00e1cil, es corto&#8230; y me sali\u00f3 desenfocado, de ah\u00ed que haya tenido que apa\u00f1arlo un poco \ud83d\ude1b<\/p>\n<p>Aqu\u00ed lo ten\u00e9is. Espero que os guste ^____^<\/p>\n<p><object width=\"560\" height=\"315\" classid=\"clsid:d27cdb6e-ae6d-11cf-96b8-444553540000\" codebase=\"http:\/\/download.macromedia.com\/pub\/shockwave\/cabs\/flash\/swflash.cab#version=6,0,40,0\"><param name=\"allowFullScreen\" value=\"true\" \/><param name=\"allowscriptaccess\" value=\"always\" \/><param name=\"src\" value=\"http:\/\/www.youtube.com\/v\/rJnk6wMTPyE?fs=1&amp;hl=de_DE&amp;color1=0x5d1719&amp;color2=0xcd311b\" \/><param name=\"allowfullscreen\" value=\"true\" \/><embed width=\"560\" height=\"315\" type=\"application\/x-shockwave-flash\" src=\"http:\/\/www.youtube.com\/v\/rJnk6wMTPyE?fs=1&amp;hl=de_DE&amp;color1=0x5d1719&amp;color2=0xcd311b\" allowFullScreen=\"true\" allowscriptaccess=\"always\" allowfullscreen=\"true\" \/><\/object><\/p>\n<p>El otro d\u00eda estaba pensando que el objetivo final de hacer un <em>book tag<\/em> es taguear a gente para que lo haga, pero yo nunca lo he hecho y tampoco me han tagueado nunca. Es una buena idea para extender el tag, eso s\u00ed&#8230; Nada que solo quer\u00eda dejar claro que s\u00e9 pa que sirve un tag, otra cosa es que yo lo use para eso \ud83d\ude1b Ahora bien, si quer\u00e9is taguearme, <em>feel free<\/em>, \u00bfeh? ^_____^<\/p>\n<p>Las fotos y v\u00eddeos del viaje y las cr\u00f3nicas y todo eso llegar\u00e1n pronto, pero no puedo decir cu\u00e1ndo&#8230; A lo largo del mes de octubre, espero.<\/p>\n<p>Y eso es todo, amigos&#8230; creo&#8230; Nos vemos en el pr\u00f3ximo v\u00eddeo o en la pr\u00f3xima entrada o lo que sea \ud83d\ude42<\/p>\n<p>Con esto y un bizcocho&#8230; Besos<br \/>\nCris<\/p>\n","protected":false},"excerpt":{"rendered":"<p>\u00a1Hola a todos! \u00a1S\u00ed, otro v\u00eddeo&#8230;! Este est\u00e1 grabado antes de mis vacaciones y me lo guard\u00e9 en la manga porque sab\u00eda que a la vuelta, iba a tardar unos d\u00edas en ser yo y en ponerme al d\u00eda&#8230; Y tampoco era plan de saturaros con tanto v\u00eddeo seguido justo antes de desaparecer durante tres [&hellip;]<\/p>\n","protected":false},"author":3,"featured_media":0,"comment_status":"open","ping_status":"closed","sticky":false,"template":"","format":"standard","meta":{"footnotes":""},"categories":[],"tags":[],"class_list":["post-4626","post","type-post","status-publish","format-standard","hentry"],"_links":{"self":[{"href":"https:\/\/blog.lapecera.ch\/index.php?rest_route=\/wp\/v2\/posts\/4626","targetHints":{"allow":["GET"]}}],"collection":[{"href":"https:\/\/blog.lapecera.ch\/index.php?rest_route=\/wp\/v2\/posts"}],"about":[{"href":"https:\/\/blog.lapecera.ch\/index.php?rest_route=\/wp\/v2\/types\/post"}],"author":[{"embeddable":true,"href":"https:\/\/blog.lapecera.ch\/index.php?rest_route=\/wp\/v2\/users\/3"}],"replies":[{"embeddable":true,"href":"https:\/\/blog.lapecera.ch\/index.php?rest_route=%2Fwp%2Fv2%2Fcomments&post=4626"}],"version-history":[{"count":0,"href":"https:\/\/blog.lapecera.ch\/index.php?rest_route=\/wp\/v2\/posts\/4626\/revisions"}],"wp:attachment":[{"href":"https:\/\/blog.lapecera.ch\/index.php?rest_route=%2Fwp%2Fv2%2Fmedia&parent=4626"}],"wp:term":[{"taxonomy":"category","embeddable":true,"href":"https:\/\/blog.lapecera.ch\/index.php?rest_route=%2Fwp%2Fv2%2Fcategories&post=4626"},{"taxonomy":"post_tag","embeddable":true,"href":"https:\/\/blog.lapecera.ch\/index.php?rest_route=%2Fwp%2Fv2%2Ftags&post=4626"}],"curies":[{"name":"wp","href":"https:\/\/api.w.org\/{rel}","templated":true}]}}