{"id":448,"date":"2010-02-22T22:42:34","date_gmt":"2010-02-22T20:42:34","guid":{"rendered":"http:\/\/lapecera.ch\/?p=448"},"modified":"2010-02-22T22:42:34","modified_gmt":"2010-02-22T20:42:34","slug":"1000","status":"publish","type":"post","link":"https:\/\/blog.lapecera.ch\/?p=448","title":{"rendered":"1000"},"content":{"rendered":"<p>Este fin de semana Christoph y yo hicimos un peque\u00f1o tour con las raquetas de nieve para entrenar para el pr\u00f3ximo tour con el SAC el pr\u00f3ximo fin de semana. Para ello fuimos hasta <a href=\"http:\/\/maps.google.ch\/maps?f=q&#038;source=s_q&#038;hl=en&#038;geocode=&#038;q=einsiedeln&#038;sll=47.127353,8.745078&#038;sspn=0.044089,0.07699&#038;ie=UTF8&#038;hq=&#038;hnear=Einsiedeln,+Canton+of+Schwyz&#038;t=h&#038;z=12\" class=\"example7\">Einsiedeln<\/a> y de all\u00ed a <a href=\"http:\/\/maps.google.ch\/maps?f=q&#038;source=s_q&#038;hl=en&#038;geocode=&#038;q=Gross&#038;sll=47.127353,8.745078&#038;sspn=0.176358,0.307961&#038;g=einsiedeln&#038;ie=UTF8&#038;hq=&#038;hnear=Gross+Einsiedeln,+Canton+of+Schwyz&#038;ll=47.114379,8.776892&#038;spn=0.0441,0.07699&#038;t=h&#038;z=14\" class=\"example7\">Gross<\/a> con el bus. Desde ah\u00ed subimos al Hummel, a 1422 metros, m\u00e1s o menos. Parte del camino hacia arriba sub\u00eda por en medio de un bosque y era especialmente empinado v.v claro, era el Wanderweg del verano y no es lo mismo subir andando que con raquetas en los pies xD Para bajar de nuevo de vuelta a Gross la nieve era bastante blandita y agradable para caminar pero te hund\u00edas con bastante facilidad. Pa no variar, yo me met\u00ed una leche cuesta abajo y ca\u00ed de morros llenandome de nieve hasta las orejas \ud83d\ude1b A las 4 est\u00e1bamos de vuelta en el pueblo (Gross) y despu\u00e9s de tomar algo mientras esper\u00e1bamos al bus, nos fuimos en direcci\u00f3n a Uster, donde nos esperaba Isabelle y su novio con una raclette ^___^<\/p>\n<p><a href=\"http:\/\/lapecera.ch\/say-cheese\/\"><img loading=\"lazy\" decoding=\"async\" class=\"alignright\" title=\"dsc04974\" src=\"http:\/\/lapecera.ch\/wp-content\/uploads\/2010\/02\/dsc04974-300x200.jpg\" alt=\"\" width=\"300\" height=\"200\" \/><\/a>El domingo, aparte de pegarme con Picasa y Autoviewer para conseguir hacer galer\u00edas de fotos decentes para la web, Christoph quer\u00eda hacer mas deporte. Con las mismas me llevo a un sitio cerca de Olten donde aproximadamente 1000 escaleras suben por el bosque en direcci\u00f3n al Born (~ el Naranco de Olten xD). \u00bfOs imagin\u00e1is el trabajo que lleva subir 1000 escaleras? Pues ponedle nieve e intentad bajarlas despu\u00e9s, \u00a1jo! T-T Hoy tengo agujetas por todas las piernas \u00f2.\u00f3<\/p>\n<p>Cambiando de tema, a otra cosa mariposa: la semana pasada me vi en el tren dos pelis de Nia Vardalos, la de &#8220;My big fat greek wedding&#8221;. La primera, <a href=\"http:\/\/www.imdb.com\/title\/tt0762105\/\" class=\"example7\">I hate Valentin&#8217;s day<\/a> repite con John Corbett (o como se llame ese t\u00edo que era el locutor de radio en &#8220;Doctor en Alaska&#8221;) y la peli es mala a rabiar. No vale ni como comedia rom\u00e1ntica v.v La segunda, <a href=\"http:\/\/www.imdb.com\/title\/tt0865559\/\" class=\"example7\">My life in ruins<\/a>, es una coproducci\u00f3n hispanoamericana (esto no me suena bien, la coproduccion es entre Espa\u00f1a y EE.UU.) que se desarrolla en Grecia y cuenta la historia de Georgia, una graduada en historia del arte que se traslado a Grecia con la idea de dar clases de arte en la universidad, pero que acaba de gu\u00eda tur\u00edstica (una bastante mala y aburrida, por cierto xD). No es una gran pel\u00edcula, pero es Grecia, es la primera pel\u00edcula que consigue el permiso para rodar dentro de la Acropolis, \u00bfos imagin\u00e1is? *_____* Solo por los paisajes merece la pena. Bueno, y porque es entretenida \ud83d\ude1b<\/p>\n<p>Ayer vimos <a href=\"http:\/\/www.imdb.com\/title\/tt0821640\/\" class=\"example7\">Ghosts of Girlfriends past<\/a>, que viene a ser como &#8220;A Christmas Carol&#8221; de Dickens, pero con un womanizer. Tiene muchas buenas paridas y, a pesar del bronceado antinatural de Matthew McConaughey, lo pase pipa vi\u00e9ndola. Una muy buena pel\u00edcula para planchar.<\/p>\n<p>Ahora estoy en el tren de camino a Olten a mi segunda clase japon\u00e9s, sin haber sido capaz de aprenderme los s\u00edmbolos mas sencillos del hiragana v.v De paso me voy a recoger los libros; encontr\u00e9 a un chico en Olten que me vende los dos libros de japon\u00e9s m\u00e1s baratos que uno solo nuevo en Amazon (pobrecillo, me pase todos los emails con la idea de que era una t\u00eda y no, se llama Simon, no Simone. No s\u00e9 de d\u00f3nde saque la e en mi cabeza xD).<\/p>\n<p>Os dejo, estamos llegando \ud83d\ude09<\/p>\n<p>Con esto y un bizcocho&#8230; Besos<br \/>\nCris<\/p>\n","protected":false},"excerpt":{"rendered":"<p>Este fin de semana Christoph y yo hicimos un peque\u00f1o tour con las raquetas de nieve para entrenar para el pr\u00f3ximo tour con el SAC el pr\u00f3ximo fin de semana. Para ello fuimos hasta Einsiedeln y de all\u00ed a Gross con el bus. Desde ah\u00ed subimos al Hummel, a 1422 metros, m\u00e1s o menos. Parte [&hellip;]<\/p>\n","protected":false},"author":3,"featured_media":0,"comment_status":"open","ping_status":"closed","sticky":false,"template":"","format":"standard","meta":{"footnotes":""},"categories":[],"tags":[],"class_list":["post-448","post","type-post","status-publish","format-standard","hentry"],"_links":{"self":[{"href":"https:\/\/blog.lapecera.ch\/index.php?rest_route=\/wp\/v2\/posts\/448","targetHints":{"allow":["GET"]}}],"collection":[{"href":"https:\/\/blog.lapecera.ch\/index.php?rest_route=\/wp\/v2\/posts"}],"about":[{"href":"https:\/\/blog.lapecera.ch\/index.php?rest_route=\/wp\/v2\/types\/post"}],"author":[{"embeddable":true,"href":"https:\/\/blog.lapecera.ch\/index.php?rest_route=\/wp\/v2\/users\/3"}],"replies":[{"embeddable":true,"href":"https:\/\/blog.lapecera.ch\/index.php?rest_route=%2Fwp%2Fv2%2Fcomments&post=448"}],"version-history":[{"count":0,"href":"https:\/\/blog.lapecera.ch\/index.php?rest_route=\/wp\/v2\/posts\/448\/revisions"}],"wp:attachment":[{"href":"https:\/\/blog.lapecera.ch\/index.php?rest_route=%2Fwp%2Fv2%2Fmedia&parent=448"}],"wp:term":[{"taxonomy":"category","embeddable":true,"href":"https:\/\/blog.lapecera.ch\/index.php?rest_route=%2Fwp%2Fv2%2Fcategories&post=448"},{"taxonomy":"post_tag","embeddable":true,"href":"https:\/\/blog.lapecera.ch\/index.php?rest_route=%2Fwp%2Fv2%2Ftags&post=448"}],"curies":[{"name":"wp","href":"https:\/\/api.w.org\/{rel}","templated":true}]}}