{"id":44,"date":"2006-06-10T00:51:00","date_gmt":"2006-06-09T22:51:00","guid":{"rendered":"http:\/\/lapecera.ch\/?p=44"},"modified":"2006-06-10T00:51:00","modified_gmt":"2006-06-09T22:51:00","slug":"noche-de-vientos-feroces","status":"publish","type":"post","link":"https:\/\/blog.lapecera.ch\/?p=44","title":{"rendered":"Noche de vientos feroces"},"content":{"rendered":"<p><span style=\"font-size:85%;\"><em>[Edito: las fotos de la acampada est\u00e1n subidas y linkeadas en <\/span><span style=\"font-size:85%;\"><a href=\"http:\/\/www.lapecera.ch\/lapecera.ch\/fotos\/deacampada\">General<\/a><\/span><span style=\"font-size:85%;\">. Enjoy ;)] <\/em><\/span><\/p>\n<p>Acabo de llegar de la &#8220;Sommer party&#8221; del Professional Women Group of Basel. He pasado una velada agradable, he disfrutado como una enana de la animaci\u00f3n musical (el grupo &#8220;Les papillons&#8221;, ya os subir\u00e9 los videos que hice, son geniales), pero me he sentido m\u00e1s que nunca fuera de lugar y cada vez me arrepiento m\u00e1s y m\u00e1s de haber entrado a formar parte de esa organizaci\u00f3n.<\/p>\n<p>Dejando a un lado mis problemas de inferioridad. Me gustar\u00eda contaros mi gran aventura del fin de semana: mi primera acampada. Todo empez\u00f3 el s\u00e1bado. Bueno, en realidad empezar\u00eda el domingo, propiamente dicho, pero dejadme explayarme todo lo que se me apetezca. Veamos, el s\u00e1bado Christoph y yo estabamos invitados a casa de mi amiga Sam y Herv\u00e9 (s\u00ed, los que se casaron en mayo). Hab\u00edamos quedado en llegar a las 3 de la tarde a Del\u00e9mont y Chris y yo a\u00fan no ten\u00edamos sacos de dormir. As\u00ed que a eso de las&#8230; 12 nos fuimos a Transa a pillarnos unos. <a href=\"http:\/\/www.lapecera.ch\/uploaded_images\/14-739734.jpg\" rel=\"example3\"><img decoding=\"async\" style=\"FLOAT: left; MARGIN: 10px 10px 10px 0px; CURSOR: hand\" alt=\"\" src=\"http:\/\/www.lapecera.ch\/uploaded_images\/14-735708.jpg\" border=\"0\" \/><\/a>En realidad lo que quer\u00edamos era que nos aconsejara alguien, pero en la tienda hab\u00eda mucha gente y los vendedores estaban todos ocupados, as\u00ed que nos aconsejamos nosotros mismo y decidimos comprarnos dos sacos de dormir de la marca Mammut tipo Spring Compact 180L por 199 francos cada uno xDD En Del\u00e9mont lo pasamos pipa y fue un d\u00eda muy bien aprovechado. Jugamos al minigolf, a los bolos, a las cartas, bailamos y lo pasamos pipa. Me encantan Sam y Herv\u00e9, son geniales.<\/p>\n<p>Al d\u00eda siguiente cogimos el tren a eso de las 9 de la ma\u00f1ana en direcci\u00f3n a Lausanne, donde coger\u00edamos el regional que nos llevar\u00eda a St-Saphorin, donde estaba el camping. Martin, Christin y Migge ya estaban all\u00ed desde el d\u00eda anterior. Comimos todos juntos despu\u00e9s de aprender a montar nuestra nueva tienda de campana (marca Hilleberg, antiguamente propiedad de los V\u00f6geli, o sea, de la hermana de Christoph). Creo que la pr\u00f3xima vez que tenga que plantarla, no voy a saber hacerlo >.< A eso de las 3 Chris y yo nos quedamos solos, puesto que los otros tres se iban a Ginebra a ver el partido amistoso Brasil-Nueva Zelanda. Despu\u00e9s de tomar el sol durante una media hora, nos fuimos a dar una vuelta. Desde el camping llegamos al pueblo de St-Saphorin y subiendo por callejuelas superempinadas llegamos a una carreterita que a trav\u00e9s de vi\u00f1edos nos llev\u00f3 hasta Rivaz, el pueblo de al lado. El sol siempre cascando intermitentemente a nuestra espalda xD En un bar de vinos, que nada tiene que ver con lo que en Espa\u00f1a se conocer como bar de vinos, nos tomamos un vino Christoph y un mosto yo, antes de emprender camino de vuelta al campamento xD\n\nSe supon\u00eda que los otros tres iban a estar de vuelta a eso de las 9 y media o 10 menos cuarto, pero no s\u00e9 porqu\u00e9 no lo hicieron y teniendo en cuenta que Andrea llegaba a Vevey (a 10 minutos del pueblecillo este) a las 10 y media o algo as\u00ed y que Migge se hab\u00eda llevado con \u00e9l las llaves del coche, se vieron obligados a ir directamente a Vevey a recoger a Andrea para luego volver al camping. Toda una odisea, vamos&#8230; Al menos para ellos, porque mientras tanto Christoph y yo estabamos esperando por ellos junto a las tiendas para poner la barbacoa y cenar, aguantando el viento que hab\u00eda empezado a soplar cuando se puso el sol. Al final cenamos sin ellos y despues de que llegaran yo me fui directa a la tienda porque estaba muerta de frio&#8230;\n\nMi primera noche durmiendo en un saco de dormir dentro de una tienda de campa\u00f1a fue bastante bien hasta las 2 de la ma\u00f1ana, que tuve que ir al ba\u00f1o. De las 2 a las 4 pas\u00e9 el tiempo intentando olvidarme de que en la parte de afuera hab\u00eda un bicho empe\u00f1ao en salir de la tienda y no hac\u00eda m\u00e1s que darse contra la lona cada cinco segundo&#8230; A las 4 cuando ya me estaba quedando dormida, va Christoph y se levanta a vomitar&#8230; \u00a1ejem! \u00ac\u00ac Por suerte el resto de la noche fue tranquila y salvo por el viento que soplaba con furia y me despertaba a veces, dorm\u00ed bastante bien&#8230; Sobre todo, teniendo en cuenta que era la primera vez que dorm\u00eda en esas condiciones.\n\nAl d\u00eda siguiente despu\u00e9s de un desayuno con todo tipo de cosas: hab\u00eda mantequilla, mermelada, zumo de naranja, fiambres, queso, etc. hasta tuve un capuccino xDD Todo ello cortes\u00eda de Mr. Migge y su nevera, que tambi\u00e9n deb\u00eda de ser sobrina de su mochila y prima segunda de la bolsa de Mary Poppins. Bueno, todo menos el capuccino que ese lo puse yo (Capuccino de Nescaf\u00e9 xDDD). Acabamos despu\u00e9s de un rato de descanso jugando al beach-volley-futbol, que consiste basicamente en pasarse el bal\u00f3n dandole \u00fanicamente con los pies&#8230; \u00a1Dios, qu\u00e9 agujetas ten\u00eda al d\u00eda siguiente! xDD El d\u00eda termin\u00f3 con una comida azotada por el aire y el desmonte de la tienda que qued\u00f3 echa un churro dentro de su bolsa comparada con la de los Hunn (Martin y Christin) toda dobladita ella y super mona xD\n\nY en eso consisti\u00f3 nuestro fin de semana de acampada. En el viaje de vuelta a Basel estuvimos un poco apretujados en el tren hasta Berna, pero luego tuvimos un ICE en el que pillamos un compartimento entero para nosotros solos, \u00a1\u00a1qu\u00e9 delicia!! xD\n\nSigo sin actualizar la m\u00fasica porque de momento no tengo nada para subir ni ganas de hacerlo&#8230; Espero que no os hayais cansado de &#8220;La Oreja de Van Gogh&#8221; todav\u00eda ;)\n\nCon esto y un bizcocho&#8230; Besos<br \/>Cris<\/p>\n<p>PD: Las fotos las subo este fin de semana cuando tenga tiempo entre el aperitivo al que estamos invitados, mi intento de comprarme unas nuevas botas de monta\u00f1a, planchar y recoger la casa&#8230; Seguro que encuentro un minutejo para subir las fotucas, que hay paisajes super guapos&#8230;<\/p>\n","protected":false},"excerpt":{"rendered":"<p>[Edito: las fotos de la acampada est\u00e1n subidas y linkeadas en General. Enjoy ;)] Acabo de llegar de la &#8220;Sommer party&#8221; del Professional Women Group of Basel. He pasado una velada agradable, he disfrutado como una enana de la animaci\u00f3n musical (el grupo &#8220;Les papillons&#8221;, ya os subir\u00e9 los videos que hice, son geniales), pero [&hellip;]<\/p>\n","protected":false},"author":3,"featured_media":0,"comment_status":"open","ping_status":"closed","sticky":false,"template":"","format":"standard","meta":{"footnotes":""},"categories":[],"tags":[],"class_list":["post-44","post","type-post","status-publish","format-standard","hentry"],"_links":{"self":[{"href":"https:\/\/blog.lapecera.ch\/index.php?rest_route=\/wp\/v2\/posts\/44","targetHints":{"allow":["GET"]}}],"collection":[{"href":"https:\/\/blog.lapecera.ch\/index.php?rest_route=\/wp\/v2\/posts"}],"about":[{"href":"https:\/\/blog.lapecera.ch\/index.php?rest_route=\/wp\/v2\/types\/post"}],"author":[{"embeddable":true,"href":"https:\/\/blog.lapecera.ch\/index.php?rest_route=\/wp\/v2\/users\/3"}],"replies":[{"embeddable":true,"href":"https:\/\/blog.lapecera.ch\/index.php?rest_route=%2Fwp%2Fv2%2Fcomments&post=44"}],"version-history":[{"count":0,"href":"https:\/\/blog.lapecera.ch\/index.php?rest_route=\/wp\/v2\/posts\/44\/revisions"}],"wp:attachment":[{"href":"https:\/\/blog.lapecera.ch\/index.php?rest_route=%2Fwp%2Fv2%2Fmedia&parent=44"}],"wp:term":[{"taxonomy":"category","embeddable":true,"href":"https:\/\/blog.lapecera.ch\/index.php?rest_route=%2Fwp%2Fv2%2Fcategories&post=44"},{"taxonomy":"post_tag","embeddable":true,"href":"https:\/\/blog.lapecera.ch\/index.php?rest_route=%2Fwp%2Fv2%2Ftags&post=44"}],"curies":[{"name":"wp","href":"https:\/\/api.w.org\/{rel}","templated":true}]}}