{"id":42,"date":"2006-05-31T21:08:00","date_gmt":"2006-05-31T19:08:00","guid":{"rendered":"http:\/\/lapecera.ch\/?p=42"},"modified":"2006-05-31T21:08:00","modified_gmt":"2006-05-31T19:08:00","slug":"alla-ticinese","status":"publish","type":"post","link":"https:\/\/blog.lapecera.ch\/?p=42","title":{"rendered":"Alla Ticinese"},"content":{"rendered":"<p>It&#8217;s about time I tell you something new&#8230;<\/p>\n<p>\u00c9rase una vez un despertador que muri\u00f3 a golpes a las cinco de la ma\u00f1ana del d\u00eda 27 de mayo del 2006 (justo el d\u00eda del cumplea\u00f1os de mi buen amigo Hermes y mi apreciado Jamie Oliver)&#8230; El cuerpo del delito, la palma de mi mano, no fue encontrado culpable hasta que 8 minutos m\u00e1s tarde la emprendiera de nuevo a tortazos con el moribundo&#8230; Esta acci\u00f3n se repite aproximadamente 5 veces hasta que me doy cuenta de que se me hace tarde para ducharme y lavarme el pelo \ud83d\ude1b Entonces, s\u00f3lo entonces, dejo tranquilo al pobre despertador de Oregon Scientific y como una zombie me dedico a mis quehaceres no-diarios para irme de fin de semana a dormir con las cabras del Ticino.<\/p>\n<p>A las 7:04 sale el tren, que haciendo diversas paradas, recoger\u00e1 por el camino al resto de la panda de Dulliken: Martin y Christin Hunn se suben en Olten (a media hora de Basel), Migge y su novia Andrea lo cogen en Arth-Goldau (a casi 2 horas de Basel). A Lugano llegamos a eso de las 12 y nos tomamos nuestro tiempo para el aperitivo, las Pringles (en la mochila de Migge hay sitio pa todo) y el vinito. Luego nos vamos de compras&#8230; Vamos a comprar la comida&#8230; Entre los Hunn y Chris y yo nos compramos queso y jam\u00f3n en plan Delicatessen y junto a Migge y Andrea, que se tra\u00edan la comida en la mochila (\u00bfque os dije sobre la mochila de Migge?), nos fuimos al lado del lago a comer. Eran las 14:12 cuando cog\u00edamos el tren pa una parada que nos llev\u00f3 al Postauto, o sea, el autobus que nos llev\u00f3 al pueblo este con nombre raro que nunca recuerdo correctamente, Miglieglia. De ah\u00ed hasta el monte Lema nos separaron 15 minutos de telef\u00e9rico. El sol, que por la ma\u00f1ana parec\u00eda que no ten\u00eda muchas ganas de mostrar la cara, nos sac\u00f3 la lengua a lo descarao seg\u00fan llegamos arriba y, para cuando nos fuimos a dar un pase\u00edn de una horilla por los alrededores, cascaba de lo lindo&#8230; Por la noche en el hotel Andrea se nos puso malita con migra\u00f1a, lo que auguraba que al d\u00eda siguiente ser\u00edamos s\u00f3lo cuatro de camino hacia el monte Tamaro&#8230;<\/p>\n<p>Efectivamente, por la ma\u00f1ana Andrea estaba mejor, pero no como para andar cinco horas entre monta\u00f1as, mosquitos, escarabajos (que volaban pero no precisamente al atardecer \u00ac\u00ac) y dem\u00e1s fauna ticinesa. As\u00ed a eso de las 10 los Hunn, Christoph y yo emprendimos camino hacia el monte Tamaro&#8230; La meta era comer en la cima del monte&#8230; ejem&#8230; Las vistas eran preciosas. De un lado se ve\u00eda el Tesino, del otro estaba ya Italia. Hab\u00eda zonas del bosque italiano, que me recordaban a &#8220;Coraz\u00f3n de Tinta&#8221; y Capricorn ^_^ Es que soy muy peliculera, m\u00e1s bien librera. A medio camino hicimos una paradilla para&#8230; \u00bfc\u00f3mo decirlo de manera fisna? Para desbeber en un agujero y descubrir el verdadero significado del t\u00e9rmino &#8220;self-service&#8221; (ver <a href=\"https:\/\/picasaweb.google.com\/papalbina\/LemaTamaroMai2006#5235799926014224418\" target=\"_blank\">fotos<\/a>). Las dos primeras cuestas del d\u00eda casi acaban conmigo, pero cuando vi la subida al monte Tamaro, supe que no lo sobrevivir\u00eda xDD No s\u00e9 qu\u00e9 clase de pendiente tendr\u00eda, pero al d\u00eda siguiente mis musculos de las pantorrillas estaban tan entumecidos que apenas pod\u00eda subir una escalera sin sentirlos&#8230; A\u00fan hoy tengo agujetas en las piernas xD All\u00e1 arriba comimos tranquilamente, o casi&#8230; porque si quer\u00edamos coger el tren a las 15:27 ten\u00edamos que darnos prisa y eso hicimos. Christin parec\u00eda que ten\u00eda motor e iba varios metros por delante. Cuando el camino se ensanch\u00f3, la distancia aument\u00f3 O.O Su marido lo pas\u00f3 pipa con la nieve que a\u00fan quedaba. Intent\u00f3 por todos los medios darle a ella con una bola; al final no lo consigui\u00f3, pero lo que nos pudimos re\u00edr&#8230;<\/p>\n<p>El tren lo cogimos sin problemas, aunque nos cost\u00f3 encontrar sitio para los cuatro. Justo detr\u00e1s de Christoph al otro lado del pasillo viajaba un pariente cercano del Orangut\u00e1n. Christin y yo dec\u00edamos que era una ni\u00f1a, Christoph se empe\u00f1\u00f3 en decir que era m\u00e1s bien un chico por como la trataban los dem\u00e1s&#8230; Me da igual. Pa m\u00ed era una chica. No paraba quieta y no hac\u00eda m\u00e1s que colgarse de la estanteria para las maletas, hasta lleg\u00f3 a sentarse all\u00e1 arriba O.O Llevaba con ella una ballesta rudimentaria hecha, probablemente, en un campamento o algo parecido. Era super chula. Al cruzar el San Gotardo empez\u00f3 a llover, todo un shock despu\u00e9s de venir del sol y tener un calor horroroso tras el Wanderung<span style=\"color:#c83e22;\">\u00b9<\/span>. La ni\u00f1a y el resto de ni\u00f1os con sus madres se bajaron en Arth-Goldau, as\u00ed que se nos acab\u00f3 la diversi\u00f3n xDD<\/p>\n<p>En definitiva, el fin de semana estuvo bien, pero casi acaba conmigo y Christoph ya est\u00e1 planificando <a href=\"http:\/\/www.madteam.net\/refugios\/267.CabanaMargaritaCapannaMargherita\" target=\"_blank\">nuestra pr\u00f3xima aventura<\/a> \ud83d\ude1b El domingo nos vamos a Ginebra de acampada con los Hunn&#8230; El viernes Chris va a buscar la tienda de campana de su hermana y el s\u00e1bado nos compraremos los sacos de dormir&#8230; Ya os contar\u00e9 \u00ac\u00ac<\/p>\n<p>Por \u00faltimo&#8230; \u00a1\u00a1GRAN NOVEDAD!! Tengo ordenador portatil. Lo fui a buscar ayer (comprado por eBay). No es muy bueno, pero me servir\u00e1 hasta fin de a\u00f1o cuando pueda comprarme uno nuevo chachiguaydelparaguay&#8230; \u00a1Qu\u00e9 contenta estoy! ^_^<\/p>\n<p>Con esto y un bizcocho&#8230; Muchos besos<br \/>Cris<\/p>\n<p>PS: \u00a1Ah! El viernes voy a ver &#8220;X-Men: The Last Stand&#8221;. La semana que viene colgar\u00e9 mi cr\u00edtica de la peli y de paso cambiar\u00e9 la m\u00fasica que hoy no tengo ni idea de qu\u00e9 poner.<\/p>\n<p><span style=\"font-size:9\">\u00b9 <em>Wanderung:<\/em> excursi\u00f3n o algo parecido en alem\u00e1n. Como no encuentro una buena palabra en espa\u00f1ol que defina lo mismo que Wanderung, siempre la utilizo para referirme a ir de monte a hacer senderismo.<\/span><\/p>\n","protected":false},"excerpt":{"rendered":"<p>It&#8217;s about time I tell you something new&#8230; \u00c9rase una vez un despertador que muri\u00f3 a golpes a las cinco de la ma\u00f1ana del d\u00eda 27 de mayo del 2006 (justo el d\u00eda del cumplea\u00f1os de mi buen amigo Hermes y mi apreciado Jamie Oliver)&#8230; El cuerpo del delito, la palma de mi mano, no [&hellip;]<\/p>\n","protected":false},"author":3,"featured_media":0,"comment_status":"open","ping_status":"closed","sticky":false,"template":"","format":"standard","meta":{"footnotes":""},"categories":[],"tags":[],"class_list":["post-42","post","type-post","status-publish","format-standard","hentry"],"_links":{"self":[{"href":"https:\/\/blog.lapecera.ch\/index.php?rest_route=\/wp\/v2\/posts\/42","targetHints":{"allow":["GET"]}}],"collection":[{"href":"https:\/\/blog.lapecera.ch\/index.php?rest_route=\/wp\/v2\/posts"}],"about":[{"href":"https:\/\/blog.lapecera.ch\/index.php?rest_route=\/wp\/v2\/types\/post"}],"author":[{"embeddable":true,"href":"https:\/\/blog.lapecera.ch\/index.php?rest_route=\/wp\/v2\/users\/3"}],"replies":[{"embeddable":true,"href":"https:\/\/blog.lapecera.ch\/index.php?rest_route=%2Fwp%2Fv2%2Fcomments&post=42"}],"version-history":[{"count":0,"href":"https:\/\/blog.lapecera.ch\/index.php?rest_route=\/wp\/v2\/posts\/42\/revisions"}],"wp:attachment":[{"href":"https:\/\/blog.lapecera.ch\/index.php?rest_route=%2Fwp%2Fv2%2Fmedia&parent=42"}],"wp:term":[{"taxonomy":"category","embeddable":true,"href":"https:\/\/blog.lapecera.ch\/index.php?rest_route=%2Fwp%2Fv2%2Fcategories&post=42"},{"taxonomy":"post_tag","embeddable":true,"href":"https:\/\/blog.lapecera.ch\/index.php?rest_route=%2Fwp%2Fv2%2Ftags&post=42"}],"curies":[{"name":"wp","href":"https:\/\/api.w.org\/{rel}","templated":true}]}}