{"id":41,"date":"2006-05-25T20:42:00","date_gmt":"2006-05-25T18:42:00","guid":{"rendered":"http:\/\/lapecera.ch\/?p=41"},"modified":"2006-05-25T20:42:00","modified_gmt":"2006-05-25T18:42:00","slug":"alle-spanierinnen-im-ausland-heissen-cristina%c2%b9","status":"publish","type":"post","link":"https:\/\/blog.lapecera.ch\/?p=41","title":{"rendered":"Alle Spanierinnen (im Ausland) heissen Cristina\u00b9"},"content":{"rendered":"<p>O al menos, eso deben de pensar un par de suizos despu\u00e9s de que por v\u00edas totalmente diferentes dos Cristinas nos hayamos encontrado en Basilea esta tarde. Adem\u00e1s, no s\u00e9 si ya os lo habr\u00e9 contado, pero en mi clase de conversaci\u00f3n de alem\u00e1n, all\u00e1 por el 2001, eramos tres espa\u00f1olas y las tres llevabamos el mismo nombre xDDDD<\/p>\n<p>Bueno, aparte de eso, \u00bfqu\u00e9 m\u00e1s tengo para contar? \u00a1Ah, s\u00ed! Ayer fui a ver &#8220;El c\u00f3digo Da Vinci&#8221; con un par de amigos que no hab\u00edan le\u00eddo el libro. A ellos les pareci\u00f3 entretenida y no se arrepintieron de ir a verla. A m\u00ed me pareci\u00f3 algo sosa, teniendo en cuenta que sab\u00eda lo que iba a pasar cada minuto y me arrepent\u00ed de no haber tenido la suficiente lavia para convencer a mi novio para cambiar planes e ir a ver &#8220;X-Men 3: The last stand&#8221;. Pero, don&#8217;t worry! Ya hemos quedado para ir a ver \u00e9sta \u00faltima el fin de semana que viene.<\/p>\n<p>S\u00e9 que esta semana quer\u00eda contaros algo especial, pero no me acuerdo y adem\u00e1s, estoy algo seca en palabras hoy&#8230; Parece como si me las hubieran absorvido todas con una esponja, tengo que mirar a ver d\u00f3nde he puesto la esponja esa xDD Aparte, mi musa ha renacido de las cenizas cual ave f\u00e9nix para seguir con la historia de Xylia, mi personaje en la Historia Encadenada, y con &#8220;En Basel&#8221;, aunque \u00e9sta tendr\u00e1 que esperar a que se me aclaren un par de puntos con respecto al personaje principal.<\/p>\n<p>Este fin de semana no voy a tener mucho tiempo pa nada T_T El s\u00e1bado es la <em>House Warming Party<\/em> de Katharina, que sigue con sus problemas en el cuello derivados del accidente (incluso podr\u00eda haberse agravado el caso, \u00a1pobrecilla!). Y el domingo me llevan a rastras a hacer un Wanderung\u00b2. Ya os contar\u00e9 si sobrevivo a \u00e9l T_T<\/p>\n<p>Y hasta aqu\u00ed llegamos&#8230; \u00a1Vaya entrada m\u00e1s poco interesante! La pr\u00f3xima vez me esmerar\u00e9 un poco m\u00e1s y a lo mejor os cuelgo otro trocito de <em>New Girl<\/em>, aunque nadie la haya le\u00eddo \ud83d\ude1b<\/p>\n<p>Con esto y un bizcocho&#8230; Besos<br \/>Cris<\/p>\n<p>PD: Mi recomendaci\u00f3n de fin de semana: si quer\u00edais ir a ver &#8220;El c\u00f3digo Da Vinci&#8221;, olvidaos de esa idea, id al videoclub y buscad &#8220;Algo en com\u00fan (Garden State)&#8221;. Es una pel\u00edcula genial.<\/p>\n<p><span style=\"font-size:9;\">\u00b9 <em>Alle Spanierinnen (im Ausland) heissen Cristina: <\/em>Todas las espa\u00f1olas (en el extranjero) se llaman Cristina<\/span><br \/><span style=\"font-size:9;\">\u00b2 <em>Wanderung:<\/em> excursi\u00f3n por el monte, hacer senderismo<\/span><\/p>\n","protected":false},"excerpt":{"rendered":"<p>O al menos, eso deben de pensar un par de suizos despu\u00e9s de que por v\u00edas totalmente diferentes dos Cristinas nos hayamos encontrado en Basilea esta tarde. Adem\u00e1s, no s\u00e9 si ya os lo habr\u00e9 contado, pero en mi clase de conversaci\u00f3n de alem\u00e1n, all\u00e1 por el 2001, eramos tres espa\u00f1olas y las tres llevabamos [&hellip;]<\/p>\n","protected":false},"author":3,"featured_media":0,"comment_status":"open","ping_status":"closed","sticky":false,"template":"","format":"standard","meta":{"footnotes":""},"categories":[],"tags":[],"class_list":["post-41","post","type-post","status-publish","format-standard","hentry"],"_links":{"self":[{"href":"https:\/\/blog.lapecera.ch\/index.php?rest_route=\/wp\/v2\/posts\/41","targetHints":{"allow":["GET"]}}],"collection":[{"href":"https:\/\/blog.lapecera.ch\/index.php?rest_route=\/wp\/v2\/posts"}],"about":[{"href":"https:\/\/blog.lapecera.ch\/index.php?rest_route=\/wp\/v2\/types\/post"}],"author":[{"embeddable":true,"href":"https:\/\/blog.lapecera.ch\/index.php?rest_route=\/wp\/v2\/users\/3"}],"replies":[{"embeddable":true,"href":"https:\/\/blog.lapecera.ch\/index.php?rest_route=%2Fwp%2Fv2%2Fcomments&post=41"}],"version-history":[{"count":0,"href":"https:\/\/blog.lapecera.ch\/index.php?rest_route=\/wp\/v2\/posts\/41\/revisions"}],"wp:attachment":[{"href":"https:\/\/blog.lapecera.ch\/index.php?rest_route=%2Fwp%2Fv2%2Fmedia&parent=41"}],"wp:term":[{"taxonomy":"category","embeddable":true,"href":"https:\/\/blog.lapecera.ch\/index.php?rest_route=%2Fwp%2Fv2%2Fcategories&post=41"},{"taxonomy":"post_tag","embeddable":true,"href":"https:\/\/blog.lapecera.ch\/index.php?rest_route=%2Fwp%2Fv2%2Ftags&post=41"}],"curies":[{"name":"wp","href":"https:\/\/api.w.org\/{rel}","templated":true}]}}