{"id":40,"date":"2006-05-21T15:31:00","date_gmt":"2006-05-21T13:31:00","guid":{"rendered":"http:\/\/lapecera.ch\/?p=40"},"modified":"2006-05-21T15:31:00","modified_gmt":"2006-05-21T13:31:00","slug":"cuantos-cuentos-cuento","status":"publish","type":"post","link":"https:\/\/blog.lapecera.ch\/?p=40","title":{"rendered":"Cu\u00e1ntos cuentos cuento&#8230;"},"content":{"rendered":"<p>Hoy confieso&#8230; que soy una friki de cuidao&#8230; xD<\/p>\n<p>Con motivo de mi nueva adquisi\u00f3n musical (asias mami por mandarme el CD), &#8220;Guapa&#8221; de La Oreja de Van Gogh, se me ha despertado una parte friki m\u00eda que hab\u00eda permanecido dormida los \u00faltimos meses. Todo&#8230; por culpa del bonus track: &#8220;Cu\u00e1ntos cuentos cuento&#8221;.<\/p>\n<p>Lo confieso, me encantan las rancheras. Crec\u00ed escuchando a Roc\u00edo Durcal (\u00a1qu\u00e9 pena me dio cuando mi madre me dio la mala noticia de su muerte! T_T), a Vicente Fern\u00e1ndez y, sobre todo, a Pedro (aka Pedrito) Fern\u00e1ndez. Aparte de esa canci\u00f3n de LOdVG con ritmillo de ranchera, el otro d\u00eda leyendo en el blog de un tipo genial que me he encontrado por casualidad, me acord\u00e9 de mi canci\u00f3n favorita de Pedrito Fern\u00e1ndez: &#8220;La de la mochila azul&#8221;. La mayor parte de vosotros probablemente no la conozcais entera, pero fijo que os suena lo de &#8220;\u00bfQu\u00e9 te pasa, chiquillo, que te pasa?&#8230;&#8221;. De todas formas, voy a ponerosla en el castpost \ud83d\ude09<\/p>\n<p>Esa canci\u00f3n, su segunda parte &#8220;Mi sal\u00f3n est\u00e1 de fiesta&#8221; y &#8220;Mi aguililla, pecho blanco&#8221; son canciones muy especiales para m\u00ed. No s\u00f3lo porque sean rancheras y vengan de M\u00e9xico. Estas canciones eran uno de nuestros pasatiempos favoritos, cuando los de la rondalla \u00edbamos en el bus de vuelta de alg\u00fan concierto. Sol\u00eda cant\u00e1rnoslas a capella nuestra solista. Gracias a ella, que ten\u00eda una voz preciosa, descubr\u00ed que la historia de &#8220;La de la mochila azul&#8221; continuaba en &#8220;Mi sal\u00f3n est\u00e1 de fiesta&#8221; ^_^<\/p>\n<p>Aqu\u00ed os dejo una biograf\u00eda de Pedro Fern\u00e1ndez. A lo mejor alguno conoce su canci\u00f3n &#8220;Mi forma de sentir&#8221; que hace unos 8 \u00f3 9 a\u00f1os fue un \u00e9xito en Espa\u00f1a y se escuch\u00f3 en muchas emisoras de radio.<\/p>\n<blockquote><p>Jose Mart\u00edn Cuevas Cobos conocido en el medio artistico como Pedro Fern\u00e1ndez naci\u00f3 un 28 de septiembre de 1969. Su nombre artistico lo tomo de sus dos grandes idolos Vicente Fernandez y Pedro Infante. Y fue precisamente Vicente Fernandez quien le brindo su primera oportunidad, apadrinandolo como cantante al presentarlo en uno de sus palenques.<\/p>\n<p>A los siete a\u00f1os de edad tuvo la oportunidad de hacer su debut como actor en la pelicula &#8220;La ni\u00f1a de la mochila azul&#8221;, en la cual compartio creditos con la actriz infantil &#8220;Maria Rebeca&#8221; quien fue su pareja cinematografica en sus 3 siguientes largometrajes los cuales fueron: &#8220;Oreja Rajada&#8221;, &#8220;La mugrosita&#8221; y &#8220;La ni\u00f1a de la mochila azul II&#8221;.<\/p>\n<p>Con su debut cinematografico Pedrito grabo su primer disco, titulado precisamente &#8220;La ni\u00f1a de la mochila azul&#8221;, con el cual logro un exito internacional. Su naturalidad lo llevo hacer otras cintas y telenovelas como: &#8220;juana Iris&#8221;y &#8220;Alcanzar una estrella II&#8221; por mencionar algunas. Durante su adolescencia destaco con una balada titulada &#8220;Coqueta&#8221; la cual es de genero pop, tambi\u00e9n grabo temas como &#8220;Maniqui&#8221; y &#8220;El perdedor&#8221;, dentro de la musica mexicanaha interpretado desde la mochila azul hasta yo no fui pasando por temas como: &#8220;Mi forma de Sentir&#8221;, &#8220;Lo mucho que te quiero&#8221;, &#8220;La mujer que amas&#8221; y &#8220;Lluvia de plata&#8221;.<\/p>\n<p>Dentro de su gran carrera artistica, Pedro ha grabado mas de 25 discos entre estos se encuentra el disco homenaje que realizo a Jose Alfredo Jimenez el cual incluye temas clasicos del compositor Guanajuatense como: &#8220;Si nos Dejan&#8221;, &#8220;Amaneci en tus Brazos&#8221; entre otras.<br \/>Todos estos discos han colocado a Pedro en Centro y Sudamerica en los primeros lugares de popularidad y no obstante, este exito Pedro mantiene los pies sobre la tierra. <\/p>\n<p><span style=\"font-size:78%;\">Fuente: <\/span><a href=\"http:\/\/pedro_fernandez.mx.tripod.com\/\" target=\"_blank\"><span style=\"font-size:78%;\">http:\/\/pedro_fernandez.mx.tripod.com\/<\/span><\/a><\/p>\n<\/blockquote>\n<p>Una vez al a\u00f1o, no hace da\u00f1o que el esp\u00edritu friki ranchero renazca en m\u00ed y recuerde toda esta buena m\u00fasica que nos llega desde M\u00e9xico.<\/p>\n<p>Espero no haberos asustado demasiado xDD<\/p>\n<p>Con esto y un bizcocho&#8230; Besos<br \/>\nCris<\/p>\n","protected":false},"excerpt":{"rendered":"<p>Hoy confieso&#8230; que soy una friki de cuidao&#8230; xD Con motivo de mi nueva adquisi\u00f3n musical (asias mami por mandarme el CD), &#8220;Guapa&#8221; de La Oreja de Van Gogh, se me ha despertado una parte friki m\u00eda que hab\u00eda permanecido dormida los \u00faltimos meses. Todo&#8230; por culpa del bonus track: &#8220;Cu\u00e1ntos cuentos cuento&#8221;. Lo confieso, [&hellip;]<\/p>\n","protected":false},"author":3,"featured_media":0,"comment_status":"open","ping_status":"closed","sticky":false,"template":"","format":"standard","meta":{"footnotes":""},"categories":[],"tags":[],"class_list":["post-40","post","type-post","status-publish","format-standard","hentry"],"_links":{"self":[{"href":"https:\/\/blog.lapecera.ch\/index.php?rest_route=\/wp\/v2\/posts\/40","targetHints":{"allow":["GET"]}}],"collection":[{"href":"https:\/\/blog.lapecera.ch\/index.php?rest_route=\/wp\/v2\/posts"}],"about":[{"href":"https:\/\/blog.lapecera.ch\/index.php?rest_route=\/wp\/v2\/types\/post"}],"author":[{"embeddable":true,"href":"https:\/\/blog.lapecera.ch\/index.php?rest_route=\/wp\/v2\/users\/3"}],"replies":[{"embeddable":true,"href":"https:\/\/blog.lapecera.ch\/index.php?rest_route=%2Fwp%2Fv2%2Fcomments&post=40"}],"version-history":[{"count":0,"href":"https:\/\/blog.lapecera.ch\/index.php?rest_route=\/wp\/v2\/posts\/40\/revisions"}],"wp:attachment":[{"href":"https:\/\/blog.lapecera.ch\/index.php?rest_route=%2Fwp%2Fv2%2Fmedia&parent=40"}],"wp:term":[{"taxonomy":"category","embeddable":true,"href":"https:\/\/blog.lapecera.ch\/index.php?rest_route=%2Fwp%2Fv2%2Fcategories&post=40"},{"taxonomy":"post_tag","embeddable":true,"href":"https:\/\/blog.lapecera.ch\/index.php?rest_route=%2Fwp%2Fv2%2Ftags&post=40"}],"curies":[{"name":"wp","href":"https:\/\/api.w.org\/{rel}","templated":true}]}}