{"id":381,"date":"2010-02-16T16:53:27","date_gmt":"2010-02-16T14:53:27","guid":{"rendered":"http:\/\/lapecera.ch\/?p=381"},"modified":"2010-02-16T16:53:27","modified_gmt":"2010-02-16T14:53:27","slug":"la-pecera-is-back","status":"publish","type":"post","link":"https:\/\/blog.lapecera.ch\/?p=381","title":{"rendered":"La Pecera is back&#8230;"},"content":{"rendered":"<p>Despu\u00e9s de pasar el domingo entero peg\u00e1ndome con el men\u00fa de la esquina superior derecha para IE y varios d\u00edas buscando la soluci\u00f3n al problema de mi pie de p\u00e1gina con Safari y Google Chrome, al fin puedo presentaros La (nueva) Pecera. Estoy dise\u00f1ando un nuevo tema m\u00e1s personal con fotos y esas cosas, pero eso llevar\u00e1 bastante m\u00e1s tiempo; por eso, he estado estas \u00faltimas dos semanas concentrada en devolverle a la web la pinta que ten\u00eda antes&#8230; o al menos, algo parecido xD Espero que os guste \ud83d\ude09<\/p>\n<p>Ayer fue mi primera clase de japon\u00e9s y, aunque la profesora es un poco ca\u00f3tica y no se entera de la cuarta a la media, lo pas\u00e9 pipa. Aprender un idioma porque te da la gana es completamente diferente que aprenderlo porque lo necesitas *____* En clase somos cuatro&#8230; y, aparte de enterarnos de que pagamos 47 francos por el libro de apoyo del libro principal, pero que el principal no lo tienen por ning\u00fan lado, aprendimos a decir c\u00f3mo nos llamamos, de d\u00f3nde somos y lo encantado que estamos de conocer a la gente xDD Como deberes para la semana que viene, tenemos que aprendernos de memoria la mitad del hiragana, que es muy f\u00e1cil *lease la iron\u00eda* porque la profesora dice que es mejor que si lo hacemos todo con romanji&#8230; Esta semana me toca hacer manualidades y hacerme fichitas con los simbolitos y aprender a dibujarlos \u2013o al menos, intentarlo.<\/p>\n<blockquote><p><em>Curso de Japon\u00e9s &#8211; Lecci\u00f3n 1 (especial para Emma)<\/em><\/p>\n<p><strong>watashi no namae wa <\/strong>*insertar su nombre* <strong>desu <\/strong>(pronunciando la &#8220;s&#8221; larga y sin la &#8220;u&#8221; porque queda al final de la frase) \u2013 mi nombre es *insertar nombre* (versi\u00f3n formal)<\/p>\n<p><strong>watashi no namae wa <\/strong>*insertar tu nombre* <strong>da <\/strong>\u2013 mi nombre es *insertar nombre* (versi\u00f3n de amiguetes)<\/p>\n<p><strong>anata wa? \/ onamae wa? <\/strong>\u2013 \u00bfy t\u00fa? \u00bfy el tuyo? (aunque esto no me qued\u00f3 muy claro, fue uno de los puntos donde nos liamos hasta limites insospechados v.v)<\/p>\n<p><strong>hajime mashite <\/strong>\u2013 encantada\/o <\/p>\n<p><strong>douzo yoroshiku <\/strong>\u2013 en alem\u00e1n nos lo tradujo como &#8220;angenehm&#8221;, pero no tengo muy claro si en espa\u00f1ol es &#8220;encantando&#8221; o qu\u00e9 fO.o). Por cierto, \u00a1joder, qu\u00e9 complicado para pronunciar!<\/p>\n<p><strong>kochira koso <\/strong>\u2013 \u00bfqu\u00e9 contestas en espa\u00f1ol si la otra persona te dice &#8220;encantada de conocerte&#8221;? \u00bf&#8221;igualmente&#8221;?<\/p>\n<p><strong>watashi wa supein-jin desu\/da <\/strong>\u2013 soy espa\u00f1ola (con &#8220;desu&#8221; es formal, con &#8220;da&#8221; es para amiguetes)<\/p>\n<p>mata-ne ^___^<\/p><\/blockquote>\n<p>En fin&#8230; Os dejo que dentro de nada me voy pa Olten a ver si pillo la copister\u00eda abierta de una maltida vez \u00ac\u00ac<\/p>\n<p>Con esto y un bizcocho&#8230; Besos<br \/>\nCris<\/p>\n","protected":false},"excerpt":{"rendered":"<p>Despu\u00e9s de pasar el domingo entero peg\u00e1ndome con el men\u00fa de la esquina superior derecha para IE y varios d\u00edas buscando la soluci\u00f3n al problema de mi pie de p\u00e1gina con Safari y Google Chrome, al fin puedo presentaros La (nueva) Pecera. Estoy dise\u00f1ando un nuevo tema m\u00e1s personal con fotos y esas cosas, pero [&hellip;]<\/p>\n","protected":false},"author":3,"featured_media":0,"comment_status":"open","ping_status":"closed","sticky":false,"template":"","format":"standard","meta":{"footnotes":""},"categories":[],"tags":[],"class_list":["post-381","post","type-post","status-publish","format-standard","hentry"],"_links":{"self":[{"href":"https:\/\/blog.lapecera.ch\/index.php?rest_route=\/wp\/v2\/posts\/381","targetHints":{"allow":["GET"]}}],"collection":[{"href":"https:\/\/blog.lapecera.ch\/index.php?rest_route=\/wp\/v2\/posts"}],"about":[{"href":"https:\/\/blog.lapecera.ch\/index.php?rest_route=\/wp\/v2\/types\/post"}],"author":[{"embeddable":true,"href":"https:\/\/blog.lapecera.ch\/index.php?rest_route=\/wp\/v2\/users\/3"}],"replies":[{"embeddable":true,"href":"https:\/\/blog.lapecera.ch\/index.php?rest_route=%2Fwp%2Fv2%2Fcomments&post=381"}],"version-history":[{"count":0,"href":"https:\/\/blog.lapecera.ch\/index.php?rest_route=\/wp\/v2\/posts\/381\/revisions"}],"wp:attachment":[{"href":"https:\/\/blog.lapecera.ch\/index.php?rest_route=%2Fwp%2Fv2%2Fmedia&parent=381"}],"wp:term":[{"taxonomy":"category","embeddable":true,"href":"https:\/\/blog.lapecera.ch\/index.php?rest_route=%2Fwp%2Fv2%2Fcategories&post=381"},{"taxonomy":"post_tag","embeddable":true,"href":"https:\/\/blog.lapecera.ch\/index.php?rest_route=%2Fwp%2Fv2%2Ftags&post=381"}],"curies":[{"name":"wp","href":"https:\/\/api.w.org\/{rel}","templated":true}]}}