{"id":360,"date":"2010-02-12T16:35:23","date_gmt":"2010-02-12T14:35:23","guid":{"rendered":"http:\/\/lapecera.ch\/?p=360"},"modified":"2010-02-12T16:35:23","modified_gmt":"2010-02-12T14:35:23","slug":"la-prueba-del-algodon","status":"publish","type":"post","link":"https:\/\/blog.lapecera.ch\/?p=360","title":{"rendered":"La prueba del algod\u00f3n"},"content":{"rendered":"<p>El caso es que pens\u00e9 que necesitar\u00eda mas tiempo para ello, pero hasta ahora he conseguido un dise\u00f1o de blog que, si bien no es igual, se parece un g\u00fcevazo a la antigua pecera&#8230; Para muestra, un bot\u00f3n: <a href=\"http:\/\/lapecera.ch\/blog\" target=\"_blank\">La pecera de prueba<\/a>. Faltan por ultimar detalles, como la pu\u00f1etera barra lateral, que si el post me sale demasiado largo, se me rompe a medio camino, lo mismo me pasa con los templates que aun no se parecen a la p\u00e1gina principal, pero todo es cosa de pegarme con el CSS y WordPress (que me he comprado un libro, a ver si as\u00ed de paso aprendo algo de PHP :)).  <\/p>\n<p>Ayer se hizo publico el fallo del concurso de Jordi Sierra i Fabra y \u00bfa qu\u00e9 no sab\u00e9is de que va la obra ganadora? Si hab\u00e9is pensado en la vida real y problemas sociales, os llev\u00e1is el perrito piloto porque hab\u00e9is acertado xD Ayer tambi\u00e9n me entere de un hecho muy curioso: el se\u00f1or Sierra me tiene fichada como la se\u00f1orita a la que no el gustan nada de nada sus libros y critica su concurso con sa\u00f1a y mala baba. Una se siente observada xDDDDD<\/p>\n<p>En fin, os dejo, estoy en el tren de camino a casa y me he dejado mi disco duro peque\u00f1o en la empresa con las im\u00e1genes que me hab\u00eda bajado para el blog, entre otras cosas v.v<\/p>\n<p>Con esto y un bizcocho&#8230; Besos<br \/>\nCris<\/p>\n<p>PS: Publicado desde el iPhone con mi nueva aplicaci\u00f3n WordPress *____*<br \/>\nPS2: Shit!! El nuevo tema La pecera en el Safari se ve fatal. \u00bfAlguien ve el pie de la p\u00e1gina donde no deber\u00eda? \u00bfY el fondo de los posts? \u00bfEs naranja oscuro? \u00f3.\u00f2<\/p>\n","protected":false},"excerpt":{"rendered":"<p>El caso es que pens\u00e9 que necesitar\u00eda mas tiempo para ello, pero hasta ahora he conseguido un dise\u00f1o de blog que, si bien no es igual, se parece un g\u00fcevazo a la antigua pecera&#8230; Para muestra, un bot\u00f3n: La pecera de prueba. Faltan por ultimar detalles, como la pu\u00f1etera barra lateral, que si el post [&hellip;]<\/p>\n","protected":false},"author":3,"featured_media":0,"comment_status":"open","ping_status":"closed","sticky":false,"template":"","format":"standard","meta":{"footnotes":""},"categories":[],"tags":[],"class_list":["post-360","post","type-post","status-publish","format-standard","hentry"],"_links":{"self":[{"href":"https:\/\/blog.lapecera.ch\/index.php?rest_route=\/wp\/v2\/posts\/360","targetHints":{"allow":["GET"]}}],"collection":[{"href":"https:\/\/blog.lapecera.ch\/index.php?rest_route=\/wp\/v2\/posts"}],"about":[{"href":"https:\/\/blog.lapecera.ch\/index.php?rest_route=\/wp\/v2\/types\/post"}],"author":[{"embeddable":true,"href":"https:\/\/blog.lapecera.ch\/index.php?rest_route=\/wp\/v2\/users\/3"}],"replies":[{"embeddable":true,"href":"https:\/\/blog.lapecera.ch\/index.php?rest_route=%2Fwp%2Fv2%2Fcomments&post=360"}],"version-history":[{"count":0,"href":"https:\/\/blog.lapecera.ch\/index.php?rest_route=\/wp\/v2\/posts\/360\/revisions"}],"wp:attachment":[{"href":"https:\/\/blog.lapecera.ch\/index.php?rest_route=%2Fwp%2Fv2%2Fmedia&parent=360"}],"wp:term":[{"taxonomy":"category","embeddable":true,"href":"https:\/\/blog.lapecera.ch\/index.php?rest_route=%2Fwp%2Fv2%2Fcategories&post=360"},{"taxonomy":"post_tag","embeddable":true,"href":"https:\/\/blog.lapecera.ch\/index.php?rest_route=%2Fwp%2Fv2%2Ftags&post=360"}],"curies":[{"name":"wp","href":"https:\/\/api.w.org\/{rel}","templated":true}]}}