{"id":347,"date":"2010-02-09T00:22:12","date_gmt":"2010-02-08T22:22:12","guid":{"rendered":"http:\/\/lapecera.ch\/?p=347"},"modified":"2010-02-09T00:22:12","modified_gmt":"2010-02-08T22:22:12","slug":"es-nuevo-o-lavado-con-perlan","status":"publish","type":"post","link":"https:\/\/blog.lapecera.ch\/?p=347","title":{"rendered":"\u00bfEs nuevo o lavado con Perl\u00e1n?"},"content":{"rendered":"<p>Supongo que salta a la vista, \u00bfno? El blog tiene nuevo dise\u00f1o, pero s\u00f3lo durar\u00e1 hasta que yo consiga hacerme uno nuevo (a saber cu\u00e1ndo ser\u00e1 eso fO.o). <\/p>\n<p>Mientras que yo pierdo el tiempo estudiando el php y el wordpress con sus templates y la madrequelopari\u00f3, he movido todo lo que ten\u00eda en blogger para poder ir publicando aqu\u00ed, \u00bfo acaso cre\u00edais que os iba a dejar tranquilos? *muajajajaja* Hay muchas cosas que no funcionan: links rotos, im\u00e1genes demasiado grandes y etc, pero eso ya se solucionar\u00e1 con el nuevo tema que yo misma crear\u00e9 (probablemente en un mill\u00f3n de a\u00f1os xDD). <\/p>\n<p>Volver\u00e9 pronto a contaros alguna que otra chorrada, como por ejemplo el fin de semana en el curso de avalanchas (aunque no tengo fotos, tendr\u00e9 que mirar a ver si se las robo a alguien \u00ac\u00ac).<\/p>\n<p>Con esto y un bizcocho&#8230; Besos<br \/>\nCris<\/p>\n","protected":false},"excerpt":{"rendered":"<p>Supongo que salta a la vista, \u00bfno? El blog tiene nuevo dise\u00f1o, pero s\u00f3lo durar\u00e1 hasta que yo consiga hacerme uno nuevo (a saber cu\u00e1ndo ser\u00e1 eso fO.o). Mientras que yo pierdo el tiempo estudiando el php y el wordpress con sus templates y la madrequelopari\u00f3, he movido todo lo que ten\u00eda en blogger para [&hellip;]<\/p>\n","protected":false},"author":3,"featured_media":0,"comment_status":"open","ping_status":"closed","sticky":false,"template":"","format":"standard","meta":{"footnotes":""},"categories":[],"tags":[],"class_list":["post-347","post","type-post","status-publish","format-standard","hentry"],"_links":{"self":[{"href":"https:\/\/blog.lapecera.ch\/index.php?rest_route=\/wp\/v2\/posts\/347","targetHints":{"allow":["GET"]}}],"collection":[{"href":"https:\/\/blog.lapecera.ch\/index.php?rest_route=\/wp\/v2\/posts"}],"about":[{"href":"https:\/\/blog.lapecera.ch\/index.php?rest_route=\/wp\/v2\/types\/post"}],"author":[{"embeddable":true,"href":"https:\/\/blog.lapecera.ch\/index.php?rest_route=\/wp\/v2\/users\/3"}],"replies":[{"embeddable":true,"href":"https:\/\/blog.lapecera.ch\/index.php?rest_route=%2Fwp%2Fv2%2Fcomments&post=347"}],"version-history":[{"count":0,"href":"https:\/\/blog.lapecera.ch\/index.php?rest_route=\/wp\/v2\/posts\/347\/revisions"}],"wp:attachment":[{"href":"https:\/\/blog.lapecera.ch\/index.php?rest_route=%2Fwp%2Fv2%2Fmedia&parent=347"}],"wp:term":[{"taxonomy":"category","embeddable":true,"href":"https:\/\/blog.lapecera.ch\/index.php?rest_route=%2Fwp%2Fv2%2Fcategories&post=347"},{"taxonomy":"post_tag","embeddable":true,"href":"https:\/\/blog.lapecera.ch\/index.php?rest_route=%2Fwp%2Fv2%2Ftags&post=347"}],"curies":[{"name":"wp","href":"https:\/\/api.w.org\/{rel}","templated":true}]}}