{"id":340,"date":"2010-02-04T11:30:00","date_gmt":"2010-02-04T09:30:00","guid":{"rendered":"http:\/\/lapecera.ch\/?p=340"},"modified":"2010-02-04T11:30:00","modified_gmt":"2010-02-04T09:30:00","slug":"de-vivir-en-el-centro","status":"publish","type":"post","link":"https:\/\/blog.lapecera.ch\/?p=340","title":{"rendered":"De vivir en el centro"},"content":{"rendered":"<p>Si el s\u00e1bado Mercedes repet\u00eda sin parar lo contenta que estaba de vivir en el centro, ahora yo tengo que decir lo descontenta que estoy de publicar con Blogger \u00ac\u00ac<\/p>\n<p>Por motivos ajenos a mis deseos, lapecera.ch tiene que &#8220;mudarse&#8221; de Blogger a WordPress. En realidad no es una mudanza. El blog se quedar\u00e1 donde est\u00e1, o sea, en mi host de metanet por el que pago al a\u00f1o 100 francos, pero como Blogger, aka Google, ha decidido dejar de ofrecer la posibilidad de publicar v\u00eda FTP, me tengo que buscar una soluci\u00f3n alternativa. Blogger ofrece los nuevos &#8220;custom domains&#8221;, pero es rid\u00edculo pagar por un host de 9 GB al a\u00f1o para acabar alojando el blog en los servidores de Google y no poder acceder a \u00e9l cuando a m\u00ed me d\u00e9 la santa gana, as\u00ed que prefiero cambiar a la alternativa que mi servidor me ofrece y es WordPress. <\/p>\n<p>Mientras consigo que lapecera.ch recupere su aspecto original o uno actualizado acorde con los nuevos tiempos que corren xD, es posible que pase semanas sin publicar nada. Estar\u00e9 ocupada peg\u00e1ndome con el wordpress, el PHP y los templates, aparte de intentando llevar una vida social y laboral saludable \ud83d\ude1b<\/p>\n<p>Con esto y un bizcocho&#8230; Besos<br \/>Cris<\/p>\n<p>PS: \u00bfHab\u00e9is visto ya las nominaciones a los Oscars? Yo voto por Christoph Waltz al mejor actor secundario \ud83d\ude42<\/p>\n","protected":false},"excerpt":{"rendered":"<p>Si el s\u00e1bado Mercedes repet\u00eda sin parar lo contenta que estaba de vivir en el centro, ahora yo tengo que decir lo descontenta que estoy de publicar con Blogger \u00ac\u00ac Por motivos ajenos a mis deseos, lapecera.ch tiene que &#8220;mudarse&#8221; de Blogger a WordPress. En realidad no es una mudanza. El blog se quedar\u00e1 donde [&hellip;]<\/p>\n","protected":false},"author":3,"featured_media":0,"comment_status":"open","ping_status":"closed","sticky":false,"template":"","format":"standard","meta":{"footnotes":""},"categories":[],"tags":[],"class_list":["post-340","post","type-post","status-publish","format-standard","hentry"],"_links":{"self":[{"href":"https:\/\/blog.lapecera.ch\/index.php?rest_route=\/wp\/v2\/posts\/340","targetHints":{"allow":["GET"]}}],"collection":[{"href":"https:\/\/blog.lapecera.ch\/index.php?rest_route=\/wp\/v2\/posts"}],"about":[{"href":"https:\/\/blog.lapecera.ch\/index.php?rest_route=\/wp\/v2\/types\/post"}],"author":[{"embeddable":true,"href":"https:\/\/blog.lapecera.ch\/index.php?rest_route=\/wp\/v2\/users\/3"}],"replies":[{"embeddable":true,"href":"https:\/\/blog.lapecera.ch\/index.php?rest_route=%2Fwp%2Fv2%2Fcomments&post=340"}],"version-history":[{"count":0,"href":"https:\/\/blog.lapecera.ch\/index.php?rest_route=\/wp\/v2\/posts\/340\/revisions"}],"wp:attachment":[{"href":"https:\/\/blog.lapecera.ch\/index.php?rest_route=%2Fwp%2Fv2%2Fmedia&parent=340"}],"wp:term":[{"taxonomy":"category","embeddable":true,"href":"https:\/\/blog.lapecera.ch\/index.php?rest_route=%2Fwp%2Fv2%2Fcategories&post=340"},{"taxonomy":"post_tag","embeddable":true,"href":"https:\/\/blog.lapecera.ch\/index.php?rest_route=%2Fwp%2Fv2%2Ftags&post=340"}],"curies":[{"name":"wp","href":"https:\/\/api.w.org\/{rel}","templated":true}]}}