{"id":333,"date":"2010-01-14T23:14:00","date_gmt":"2010-01-14T21:14:00","guid":{"rendered":"http:\/\/lapecera.ch\/?p=333"},"modified":"2010-01-14T23:14:00","modified_gmt":"2010-01-14T21:14:00","slug":"ano-nuevo-entrada-nueva-v","status":"publish","type":"post","link":"https:\/\/blog.lapecera.ch\/?p=333","title":{"rendered":"A\u00f1o Nuevo, Entrada Nueva V"},"content":{"rendered":"<p>\u00a1Feliz A\u00f1o a tod@s!<\/p>\n<p>Al final consegu\u00ed llegar a casa, pero eso lo contar\u00e9 m\u00e1s adelante. Vayamos por orden. Me parece que esto va a ser una entrada larga, as\u00ed que vayan tomando asiento y poni\u00e9ndose c\u00f3modos que voy empezando ya&#8230; \ud83d\ude42<\/p>\n<p><strong><a href=\"http:\/\/picasaweb.google.com\/lapecera.fotos\/CenasInternacionales?authkey=Gv1sRgCLLF-oKljqDtFQ#5425862987937119234\" target=\"_blank\">1. Cena Internacional 2009: Grecia<\/a><\/strong><br \/>Un a\u00f1o mas volvemos como las uvas de Nochevieja \ud83d\ude42 Este a\u00f1o toc\u00f3 comida griega. De los invitados se nos cayeron cuatro habituales (Carlos, Cristina, Alfonso y Ra\u00fal), dos que perdimos el a\u00f1o pasado volvieron (Fran y Susana) y se nos incorpor\u00f3 uno nuevo (Daniel). <\/p>\n<p>Por una vez para cuando llegaron los invitados la comida ya estaba casi hecha, solo faltaba acabar con las capas de la moussaka de berenjena para meterla en el horno porque la de patata ya estaba haci\u00e9ndose, lo mismo que la ensalada y el aperitivo ya esperaban sobre la mesa. \u00a1Eso es timing, se\u00f1ores! xDD<\/p>\n<p>La cena discurri\u00f3 sin grandes sobresaltos, aunque a punto estuvimos de sobresaltarnos por la posible reacci\u00f3n al\u00e9rgica de M\u00f3nica. Pero s\u00f3lo fue una falsa alarma, enseguida se recuper\u00f3 y estuvo hasta tarde haci\u00e9ndonos re\u00edr con sus aventuras nocturnas y el guitar hero y su retraso de mente xDD <\/p>\n<p><a href=\"http:\/\/www.lapecera.ch\/uploaded_images\/IMG_1235-794240.JPG\" rel=\"example3\" title=\"A\u00f1o Nuevo, Entrada Nueva V\"><img decoding=\"async\" style=\"float:left; margin:0 10px 10px 0;cursor:pointer; cursor:hand;width: 200px; height: 133px;\" src=\"http:\/\/www.lapecera.ch\/uploaded_images\/IMG_1235-794233.JPG\" border=\"0\" alt=\"\" \/><\/a>Antes del postre nos dimos los regalos mal\u00e9volos del Amigo Invisible de los Trastos. Este a\u00f1o no hubo grandes sorpresotas, pero hay quien se sinti\u00f3 inspirado por los regalos del a\u00f1o pasado y por ejemplo, a alguien le toc\u00f3 una colecci\u00f3n de jaboncillos y hay quien recibi\u00f3 un regalo grande, o sea, una tele port\u00e1til que probablemente dejar\u00e1 de ser \u00fatil (si alguna vez lo fue) cuando la se\u00f1al an\u00e1loga de televisi\u00f3n pase a mejor vida xDD En mi caso, el regalo fue rec\u00edproco: yo le d\u00ed un rat\u00f3n a Emma y ella me dio uno a m\u00ed xDDDD Y lo mejor de todo el juego de caf\u00e9 mini o de juguete del a\u00f1odemaricasta\u00f1a que le toc\u00f3 a Christoph.<\/p>\n<p>A la hora de jugar, a falta de ganas de pelear con el Scattergories y el pulpo como animal de compa\u00f1\u00eda, decidimos jugar con los post-its a &#8220;\u00bfqui\u00e9n soy?&#8221; o como sea que se llame ese juego. Estando todos hicimos una ronda larga y por la noche a las tantas hicimos otras dos, despu\u00e9s de jugar la partida de Trivial m\u00e1s corta de toda mi vida (poco m\u00e1s de media hora y con el Trivial viejo de &#8220;vuelve a tirar&#8221;, ojo). De los post-its fueron memorables: el Budha de M\u00e1ria (que si era un fil\u00f3sofo, un poeta, que si era Jesucristo o Juan Bautista xD), Tarzan (\u00bfera rubio o moreno?) y Pippi Langstrumpf (\u00bfes alemana? \u00bfes italiana? \u00bfes francesa?) de Susana y Fran respectivamente, el momento &#8220;\u00bfsoy negro?&#8221; de Mar\u00eda Soto con Michael Jackson pegado en la frente y el descojone general que llev\u00f3 a que adivinase qui\u00e9n era, el Edward Cullen de Emma que no era capaz de sacarlo ni con pistas (es joven pero viejo, est\u00e1 vivo pero muerto xDDD), mis benditos Bugs Bunny y Eduardo Manostijeras (comprendanme, eran las cuatro de la ma\u00f1ana) o el Luke Skywalker de mi hermana, a la que despitamos totalmente diciendo que ten\u00eda algo parecido a una mascota (por R2D2, claro).<\/p>\n<p>Este a\u00f1o, por primera vez, hicimos colecta y recaudamos 50 euritos que se van al Fondo Mundial para la Naturaleza, tambi\u00e9n conocido como Adena o WWF. Un par de curiosidades sobre esta ONG: uno de los cofundadores y el creador del logo fue Sir Peter Scott, hijo de Robert Scott, el que quiso ser el primero en llegar al Polo Sur y acab\u00f3 mueriendo en la Antartida; y la organizaci\u00f3n se cre\u00f3 un 11 de septiembre de 1961, 40 a\u00f1os antes del atentado que conmocionar\u00eda al mundo. Ya v\u00e9is, unos crean, otros destruyen&#8230; En fin&#8230; Sigamos con trivialidades que se me dan mejor&#8230;<\/p>\n<p><strong>2. De compras y otros menesteres<\/strong><br \/>Como no pod\u00eda faltar en una visita a Espa\u00f1a, estuve de compras y gast\u00e9 m\u00e1s de lo que querr\u00eda \u00ac\u00ac pero bueno, eso ya es un defecto gen\u00e9tico m\u00edo que lo tengo asumido e intento controlar, aunque no siempre pueda xDDD<\/p>\n<p>El caso es que como ropa tengo m\u00e1s que de sobra, decid\u00ed renovar mi lencer\u00eda. Llamarlo lencer\u00eda es un poco exagerado porque a m\u00ed ni me gustan las puntillas, ni los tangas y mucho menos los sujetadores, as\u00ed que lo \u00fanico que compr\u00e9 fueron &#8220;braguitas divertidas&#8221;, como dec\u00eda el ticket del Women&#8217;Secret. Digamos que ahora tengo toda una colecci\u00f3n de braguitas de Mickey Mouse, Bugs Bunny, Lola Bunny, Mafalda, la abeja Maja, los Osos Amorosos, Snoopy, la Pantera Rosa, Oswald, Casper, Ginger Bread Man, etc. y fijo que me dejo alguno xDDD \u00a1Ah! Y tengo un pijama con la mofeta Pepe y la gatita Pen\u00e9lope de los Looney Tunes ^_____^ <\/p>\n<p>Aparte de todo esto de ponerse por debajo, me compr\u00e9 pa ponerme por encima unos pantalones de Desigual (a falta de ganas de comprarme una falda o pelas para un abrigo) y una chaqueta de Only igualita que la que le regal\u00e9 a mi hermana para poder ir en &#8220;partner look&#8221; xDDDD<\/p>\n<p>Tambi\u00e9n fuimos al cine a ver &#8220;Avatar&#8221; y a Gij\u00f3n a ver a Tatiana y a Ra\u00fal y a conocer a Eva y fui a nadar pero s\u00f3lo una vez lamentablemente v.v Y renov\u00e9 mi pasaporte y nos pillamos un se\u00f1or rosc\u00f3n de reyes y los reyes me trajeron un bolso de Dakine superchulo de esos que se abren como los monederos antiguos (esos t\u00edpicos de se\u00f1oras mayores xD) y el SingStar de Mecano y pas\u00e9 m\u00e1s fr\u00edo que en cualquier invierno en Suiza porque no llev\u00e9 el chaleco-plumas porque Christoph me dijo: &#8220;Total, vas a Asturias, no exageres que no hace tanto frio&#8221; xDDDD<\/p>\n<p><strong>3. De vuelta a casa (un viaje incre\u00edblemente largo)<\/strong><br \/>M\u00e1ria no pudo ir a coger su vuelo del viernes a Madrid porque la autopista de El Huerna estaba cortada por la nieve y nosotros casi no llegamos al aeropuerto de Asturias, aunque al final no era para tanto, hacia Avil\u00e9s apenas hab\u00eda nieve. Luego nos enterar\u00edamos por la otra pareja que conocimos que iban pa Z\u00fcrich tambi\u00e9n, que los de Alsa les dijeron que no hab\u00eda autobuses y que les cost\u00f3 encontrar un taxi en Oviedo que los quisiera llevar al aeropuerto. \u00a1Ser\u00e1n exagerados!<\/p>\n<p>\u00a1Claro! Nosotros ingenuos pensamos que lo peor ya hab\u00eda pasado, \u00a1ja! En fin, el caso es que estando ya sentados en el avi\u00f3n el capit\u00e1n nos cuenta que van a quitar el hielo del avi\u00f3n antes de despegar (al mismo tiempo que yo leo en la revista de AirBerlin porqu\u00e9 hay que hacerlo), despu\u00e9s de un mont\u00f3n de tiempo esperando el tipo nos dice que lo han hecho mal y que tienen que repetirlo y \u00e9l va a supervisarlo O____________O Al final salimos con una hora y pico de retraso, as\u00ed que nuestra conexi\u00f3n en Palma se hab\u00eda ido y nos quedamos tiraos en la isla. Por suerte, Air Berlin nos dio transporte, cobijo y comida. Estuvimos en el Tryp Bellver en el paseo mar\u00edtimo y como el avi\u00f3n sal\u00eda el domingo a las 19:50 dimos una vuelta por Palma, vimos la catedral, hicimos fotos, nos tomamos un caf\u00e9 y unas tapas y luego nos fuimos al aeropuerto&#8230; donde tuvimos que esperar otra vez al vuelo de Santiago que ven\u00eda con retraso (\u00bfy por qu\u00e9 no esperaron por nosotros el d\u00eda anterior? T-T) y al final el vuelo a Z\u00fcrich tambi\u00e9n sali\u00f3 con retraso. A mi lado hab\u00eda una se\u00f1ora con un perro, que seg\u00fan Christoph ol\u00eda muy mal (el perro, no la se\u00f1ora), pero como yo estaba constipada no me percat\u00e9 de nada y tuve un vuelo de lo m\u00e1s placentero. La pena fue que los de AirBerlin nos dieron cuatro vales de 6\u20ac cada uno para gastar en el vuelo y como tuvimos turbulencias y el servicio de bebidas se retraso, no pudimos comprar nada en la tienda de a bordo (una pena, ya hab\u00edamos decidido lo que \u00edbamos a coger para Janis v.v).<\/p>\n<p>Llegamos a casa a las 12 de la noche y, sin quitarnos los abrigos, abrimos todas las ventanas para ventilar la casa y&#8230; nos pusimos a recoger el \u00e1rbol de navidad porque el lunes pasaban a recogerlo xDDD Acabamos y\u00e9ndonos a la cama a las 2 y pico de la ma\u00f1ana \u00ac\u00ac <\/p>\n<p>En fin&#8230; que esto me ha quedado especialmente largo, pero bueno el que avisa no es traidor, \u00ad\u00bfno? xDD Las fotos de Palma de Mallorca est\u00e1n en <a href=\"http:\/\/picasaweb.google.com\/papalbina\" target=\"_blank\">mi picasa<\/a>, al igual que las de la otra Palma, o sea, las de las vacaciones en Canarias. <\/p>\n<p>Volver\u00e9 pronto a contaros cosas sobre pel\u00edculas, libros (si empiezo a leer de nuevo, claro, que \u00faltimamente estoy muy vaga), m\u00fasica y cosas de esas triviales que a m\u00ed tanto me gustan. \u00a1Nos leemos! \ud83d\ude09<\/p>\n<p>Con esto y un bizcocho&#8230; Besos<br \/>Cris<\/p>\n","protected":false},"excerpt":{"rendered":"<p>\u00a1Feliz A\u00f1o a tod@s! Al final consegu\u00ed llegar a casa, pero eso lo contar\u00e9 m\u00e1s adelante. Vayamos por orden. Me parece que esto va a ser una entrada larga, as\u00ed que vayan tomando asiento y poni\u00e9ndose c\u00f3modos que voy empezando ya&#8230; \ud83d\ude42 1. Cena Internacional 2009: GreciaUn a\u00f1o mas volvemos como las uvas de Nochevieja [&hellip;]<\/p>\n","protected":false},"author":3,"featured_media":0,"comment_status":"open","ping_status":"closed","sticky":false,"template":"","format":"standard","meta":{"footnotes":""},"categories":[],"tags":[],"class_list":["post-333","post","type-post","status-publish","format-standard","hentry"],"_links":{"self":[{"href":"https:\/\/blog.lapecera.ch\/index.php?rest_route=\/wp\/v2\/posts\/333","targetHints":{"allow":["GET"]}}],"collection":[{"href":"https:\/\/blog.lapecera.ch\/index.php?rest_route=\/wp\/v2\/posts"}],"about":[{"href":"https:\/\/blog.lapecera.ch\/index.php?rest_route=\/wp\/v2\/types\/post"}],"author":[{"embeddable":true,"href":"https:\/\/blog.lapecera.ch\/index.php?rest_route=\/wp\/v2\/users\/3"}],"replies":[{"embeddable":true,"href":"https:\/\/blog.lapecera.ch\/index.php?rest_route=%2Fwp%2Fv2%2Fcomments&post=333"}],"version-history":[{"count":0,"href":"https:\/\/blog.lapecera.ch\/index.php?rest_route=\/wp\/v2\/posts\/333\/revisions"}],"wp:attachment":[{"href":"https:\/\/blog.lapecera.ch\/index.php?rest_route=%2Fwp%2Fv2%2Fmedia&parent=333"}],"wp:term":[{"taxonomy":"category","embeddable":true,"href":"https:\/\/blog.lapecera.ch\/index.php?rest_route=%2Fwp%2Fv2%2Fcategories&post=333"},{"taxonomy":"post_tag","embeddable":true,"href":"https:\/\/blog.lapecera.ch\/index.php?rest_route=%2Fwp%2Fv2%2Ftags&post=333"}],"curies":[{"name":"wp","href":"https:\/\/api.w.org\/{rel}","templated":true}]}}