{"id":332,"date":"2009-12-29T14:16:00","date_gmt":"2009-12-29T12:16:00","guid":{"rendered":"http:\/\/lapecera.ch\/?p=332"},"modified":"2009-12-29T14:16:00","modified_gmt":"2009-12-29T12:16:00","slug":"dont-hassel-the-hoff","status":"publish","type":"post","link":"https:\/\/blog.lapecera.ch\/?p=332","title":{"rendered":"Don&#8217;t Hassel the Hoff"},"content":{"rendered":"<p>Hace un tiempo queriendo ver las antiguas temporadas de &#8220;El coche fant\u00e1stico&#8221; que tantos buenos momentos me proporcionaron de ni\u00f1a, me top\u00e9 con la primera y \u00fanica temporada de &#8220;El (nuevo) coche fant\u00e1stico&#8221; y el episodio-piloto-pel\u00edcula-para-la-tele que la precede y conecta las dos series, la del 82 y la del 2008. <\/p>\n<p><a href=\"http:\/\/www.lapecera.ch\/uploaded_images\/Knight_Rider-720822.jpg\" rel=\"example3\" title=\"Knight Rider\"><img decoding=\"async\" style=\"float:right; margin:0 0 10px 10px;cursor:pointer; cursor:hand;width: 200px; height: 160px;\" src=\"http:\/\/www.lapecera.ch\/uploaded_images\/Knight_Rider-720814.jpg\" border=\"0\" alt=\"\" \/><\/a>Este domingo, mientras Christoph estaba en Zug jugando a squash con Migge y sus amigos, yo me qued\u00e9 en casa y entre otras cosas empec\u00e9 a ver la serie. El viejo KITT (Knight Industries Two Thousand), un Pontiac Firebird Trans Am, es ahora un nuevo KITT (Knight Industried Three Thousand), un Ford Shelby GT500KR Mustang *_____* El protagonista, Michael Tradeur, que en la serie toma el nombre de Michael Knight, es el hijo del primer &#8220;knight rider&#8221;. David Hasselhoff hace un cameo en la pel\u00edcula como Michael Knight (el tipo se habr\u00e1 echao a perder, pero mol\u00f3 verlo de nuevo como ese personaje). La nota femenina se la pone Sarah Graiman, hija de Charles Graiman, el creador de los dos KITT, y antigua novia del protagonista. La Fundaci\u00f3n para la Ley y el Orden resucita al final de la pel\u00edcula y se actualiza, por ejemplo, ya no usan una cami\u00f3n trailer, \u00a1no! Ahora tienen una avi\u00f3n de carga, \u00a1toma ya! y una base secreta con todos los aparatejos que necesitan para cuidar de KITT. \u00c9ste est\u00e1 dotado de un mont\u00f3n de gadgets entre ellos la capacidad de camuflarse como otros coches (todos Ford, por supuesto) gracias a un recubrimiento nanotecnol\u00f3gico que al mismo tiempo sirve de protecci\u00f3n. \u00a1Tecnolog\u00eda punta del siglo XXI!<\/p>\n<p>Pero en fin&#8230; dejemos algo claro: la serie s\u00f3lo tiene una temporada porque es m\u00e1s bien tirando a mala, pero sigue siendo &#8220;El coche fant\u00e1stico&#8221;, el prota es m\u00e1s atractivo y simp\u00e1tico que el Hasselhoff y el coche es una pasada *____* S\u00f3lo por eso merece la pena. Ya he visto la pel\u00edcula y los tres primeros cap\u00edtulos y el resto hasta el 17 tendr\u00e9 que convertirlos al iPhone pa poner verlos, pero me da lo mismo xDDD Ahora s\u00f3lo me falta encontrar las viejas temporadas y la \u00fanica temporada de &#8220;El halc\u00f3n callejero&#8221; y ser\u00e9 feliz rememorando mi infancia, despu\u00e9s de todo ya tengo la primera temporada de MacGyver en casa xDDDD<\/p>\n<p>Por cierto, en la nueva serie sale <a href=\"http:\/\/www.imdb.com\/name\/nm0688624\/\" target=\"_blank\">Sydney Tamiia Poitier<\/a> (hija de Sidney Poitier) como la agente Rivai y Val Kilmer le pone la voz a KITT. <\/p>\n<p>Y na, lo dejo ya. Hoy me toca preparar maletas, que ma\u00f1ana nos vamos a las 11:50 de Zurich y yo no s\u00e9 qu\u00e9 tengo que llevarme (y no estoy hablando solo de ropa v.v). Este a\u00f1o no me ha dao tiempo ni a hacer listas T-T<\/p>\n<p><strong>\u00a1Ninos y ni\u00f1as, les deseo un Feliz A\u00f1o Nuevo!<\/strong> Nos vemos a la vuelta de las vacaciones, o sea, el a\u00f1o que viene \ud83d\ude09<\/p>\n<p>Con esto y un bizcocho&#8230; Besos<br \/>Cris<\/p>\n","protected":false},"excerpt":{"rendered":"<p>Hace un tiempo queriendo ver las antiguas temporadas de &#8220;El coche fant\u00e1stico&#8221; que tantos buenos momentos me proporcionaron de ni\u00f1a, me top\u00e9 con la primera y \u00fanica temporada de &#8220;El (nuevo) coche fant\u00e1stico&#8221; y el episodio-piloto-pel\u00edcula-para-la-tele que la precede y conecta las dos series, la del 82 y la del 2008. Este domingo, mientras Christoph [&hellip;]<\/p>\n","protected":false},"author":3,"featured_media":0,"comment_status":"open","ping_status":"closed","sticky":false,"template":"","format":"standard","meta":{"footnotes":""},"categories":[],"tags":[],"class_list":["post-332","post","type-post","status-publish","format-standard","hentry"],"_links":{"self":[{"href":"https:\/\/blog.lapecera.ch\/index.php?rest_route=\/wp\/v2\/posts\/332","targetHints":{"allow":["GET"]}}],"collection":[{"href":"https:\/\/blog.lapecera.ch\/index.php?rest_route=\/wp\/v2\/posts"}],"about":[{"href":"https:\/\/blog.lapecera.ch\/index.php?rest_route=\/wp\/v2\/types\/post"}],"author":[{"embeddable":true,"href":"https:\/\/blog.lapecera.ch\/index.php?rest_route=\/wp\/v2\/users\/3"}],"replies":[{"embeddable":true,"href":"https:\/\/blog.lapecera.ch\/index.php?rest_route=%2Fwp%2Fv2%2Fcomments&post=332"}],"version-history":[{"count":0,"href":"https:\/\/blog.lapecera.ch\/index.php?rest_route=\/wp\/v2\/posts\/332\/revisions"}],"wp:attachment":[{"href":"https:\/\/blog.lapecera.ch\/index.php?rest_route=%2Fwp%2Fv2%2Fmedia&parent=332"}],"wp:term":[{"taxonomy":"category","embeddable":true,"href":"https:\/\/blog.lapecera.ch\/index.php?rest_route=%2Fwp%2Fv2%2Fcategories&post=332"},{"taxonomy":"post_tag","embeddable":true,"href":"https:\/\/blog.lapecera.ch\/index.php?rest_route=%2Fwp%2Fv2%2Ftags&post=332"}],"curies":[{"name":"wp","href":"https:\/\/api.w.org\/{rel}","templated":true}]}}