{"id":331,"date":"2009-12-21T12:18:00","date_gmt":"2009-12-21T10:18:00","guid":{"rendered":"http:\/\/lapecera.ch\/?p=331"},"modified":"2009-12-21T12:18:00","modified_gmt":"2009-12-21T10:18:00","slug":"wintersonnenwende","status":"publish","type":"post","link":"https:\/\/blog.lapecera.ch\/?p=331","title":{"rendered":"Wintersonnenwende"},"content":{"rendered":"<p>Cuarto domingo de Adviento, tormenta de nieve en casi toda Suiza, -17\u00b0 en Z\u00fcrich y Basilea y mucha nieve amontonada en una esquina de mi terraza, Solsticio de invierno, la noche m\u00e1s larga del a\u00f1o, Brittany Murphy declarada muerta a las 10:04<span style=\"font-size:78%;\"> (una curiosidad para fans de &#8220;Regreso al futuro&#8221; y, de rebote, de <a href=\"http:\/\/www.lapecera.ch\/uploaded_images\/1004-776304.png\" target=\"_blank\">NICHTLUSTIG<\/a>)<\/span> a los 32 a\u00f1os de edad \u2014compart\u00edamos cumplea\u00f1os v.v&#8230; \u00a1Vaya Navidades!<\/p>\n<table width=\"100%\" align=\"center\" border=\"0\" target=\"_blank\">\n<tbody>\n<tr>\n<td><img decoding=\"async\" style=\"WIDTH: 320px; HEIGHT: 320px\" alt=\"\" src=\"http:\/\/www.lapecera.ch\/uploaded_images\/011219-735179.jpg\" border=\"0\" \/><strong><\/p>\n<p>En la pizarra:<br \/><u>Gastos<\/u><br \/>\u2014Comida para los renos<br \/>\u2014Alquiler del trineo<br \/>\u2014Traje rojo<br \/>\u2014Lista de buenos y malos de la KGB (de la CIA, en mi calendario)<br \/>\u2014Regalos<br \/><u>Ingresos<\/u>: 0<br \/>Pap\u00e1 Noel: \u00ab\u00a1Un momento! \u00a1Esto no merece la pena!\u00bb<\/strong><\/td>\n<\/tr>\n<\/tbody>\n<\/table>\n<p>\u00bfHab\u00e9is empezado ya con los prop\u00f3sitos de A\u00f1o Nuevo? Yo, como he engordado m\u00e1s all\u00e1 de mi l\u00edmite tolerable, he decidido hacer dieta y deporte. Lo segundo s\u00e9 hacerlo, pero para lo primero estoy m\u00e1s perdida que un pulpo en un garaje fO.o Habr\u00e1 que ver c\u00f3mo me las arreglo, pero todo eso empieza el a\u00f1o que viene despu\u00e9s de los langostinos de Nochevieja xDDD<\/p>\n<p>Por cierto, \u00bfsab\u00edais que hay una secci\u00f3n de la <a href=\"http:\/\/www.panda.org\/how_you_can_help\/greenliving\/out_shopping\/seafood\/\">WWF<\/a> que &#8220;lucha&#8221; para que dejemos de comer pescado? fO.o Bueno en realidad lo que han hecho es crear un sello y un proyecto en plan &#8220;garant\u00eda ecol\u00f3gica&#8221; llamado WWF-Seafood-Group que garantiza que el pececito que te compras no viene de la sobrepesca. Hoy en el <em>20Minuten<\/em> ven\u00eda una lista de pescados que no deber\u00edamos comprar porque son producto de la sobrepesca, entre ellos, el at\u00fan, la perca, el pix\u00edn (=rape) y el salm\u00f3n&#8230; \u00a1Menos mal que no han puesto el lenguado o no vuelvo a comer pescado en mi vida, vamos! \u00ac\u00ac<\/p>\n<p>En fin&#8230; Voy a ver si mis bases de datos se clonan de una vez por todas \ud83d\ude09<\/p>\n<p>Con esto y un bizcocho&#8230; Besos<br \/>Cris<\/p>\n","protected":false},"excerpt":{"rendered":"<p>Cuarto domingo de Adviento, tormenta de nieve en casi toda Suiza, -17\u00b0 en Z\u00fcrich y Basilea y mucha nieve amontonada en una esquina de mi terraza, Solsticio de invierno, la noche m\u00e1s larga del a\u00f1o, Brittany Murphy declarada muerta a las 10:04 (una curiosidad para fans de &#8220;Regreso al futuro&#8221; y, de rebote, de NICHTLUSTIG) [&hellip;]<\/p>\n","protected":false},"author":3,"featured_media":0,"comment_status":"open","ping_status":"closed","sticky":false,"template":"","format":"standard","meta":{"footnotes":""},"categories":[],"tags":[],"class_list":["post-331","post","type-post","status-publish","format-standard","hentry"],"_links":{"self":[{"href":"https:\/\/blog.lapecera.ch\/index.php?rest_route=\/wp\/v2\/posts\/331","targetHints":{"allow":["GET"]}}],"collection":[{"href":"https:\/\/blog.lapecera.ch\/index.php?rest_route=\/wp\/v2\/posts"}],"about":[{"href":"https:\/\/blog.lapecera.ch\/index.php?rest_route=\/wp\/v2\/types\/post"}],"author":[{"embeddable":true,"href":"https:\/\/blog.lapecera.ch\/index.php?rest_route=\/wp\/v2\/users\/3"}],"replies":[{"embeddable":true,"href":"https:\/\/blog.lapecera.ch\/index.php?rest_route=%2Fwp%2Fv2%2Fcomments&post=331"}],"version-history":[{"count":0,"href":"https:\/\/blog.lapecera.ch\/index.php?rest_route=\/wp\/v2\/posts\/331\/revisions"}],"wp:attachment":[{"href":"https:\/\/blog.lapecera.ch\/index.php?rest_route=%2Fwp%2Fv2%2Fmedia&parent=331"}],"wp:term":[{"taxonomy":"category","embeddable":true,"href":"https:\/\/blog.lapecera.ch\/index.php?rest_route=%2Fwp%2Fv2%2Fcategories&post=331"},{"taxonomy":"post_tag","embeddable":true,"href":"https:\/\/blog.lapecera.ch\/index.php?rest_route=%2Fwp%2Fv2%2Ftags&post=331"}],"curies":[{"name":"wp","href":"https:\/\/api.w.org\/{rel}","templated":true}]}}