{"id":328,"date":"2009-12-17T22:28:00","date_gmt":"2009-12-17T20:28:00","guid":{"rendered":"http:\/\/lapecera.ch\/?p=328"},"modified":"2009-12-17T22:28:00","modified_gmt":"2009-12-17T20:28:00","slug":"o-tannenbaum","status":"publish","type":"post","link":"https:\/\/blog.lapecera.ch\/?p=328","title":{"rendered":"O Tannenbaum!"},"content":{"rendered":"<p>Hoy nos hemos comprado nuestro primer \u00e1rbol de Navidad ^3^ <\/p>\n<p><img decoding=\"async\" style=\"cursor:pointer; cursor:hand;width: 213px; height: 320px;\" src=\"http:\/\/www.lapecera.ch\/uploaded_images\/IMG_1195-796783.JPG\" border=\"0\" alt=\"\" \/><\/p>\n<p>No tenemos p\u00ede para colocarlo derecho todav\u00eda, pero el sabado nos lo traen los padres de Christoph antes de irnos a Basel a comer en casa de los Hubys ^___^ Y de paso ya que estamos en Basel aprovecharemos para comprar la decoraci\u00f3n del \u00e1rbol. Volver\u00e9, cuando lo tenga todo colocadito y guapo.<\/p>\n<p>Faltan 12 d\u00edas \ud83d\ude42<\/p>\n<p>Con esto y un bizcocho&#8230; Besos<br \/>Cris<\/p>\n","protected":false},"excerpt":{"rendered":"<p>Hoy nos hemos comprado nuestro primer \u00e1rbol de Navidad ^3^ No tenemos p\u00ede para colocarlo derecho todav\u00eda, pero el sabado nos lo traen los padres de Christoph antes de irnos a Basel a comer en casa de los Hubys ^___^ Y de paso ya que estamos en Basel aprovecharemos para comprar la decoraci\u00f3n del \u00e1rbol. [&hellip;]<\/p>\n","protected":false},"author":3,"featured_media":0,"comment_status":"open","ping_status":"closed","sticky":false,"template":"","format":"standard","meta":{"footnotes":""},"categories":[],"tags":[],"class_list":["post-328","post","type-post","status-publish","format-standard","hentry"],"_links":{"self":[{"href":"https:\/\/blog.lapecera.ch\/index.php?rest_route=\/wp\/v2\/posts\/328","targetHints":{"allow":["GET"]}}],"collection":[{"href":"https:\/\/blog.lapecera.ch\/index.php?rest_route=\/wp\/v2\/posts"}],"about":[{"href":"https:\/\/blog.lapecera.ch\/index.php?rest_route=\/wp\/v2\/types\/post"}],"author":[{"embeddable":true,"href":"https:\/\/blog.lapecera.ch\/index.php?rest_route=\/wp\/v2\/users\/3"}],"replies":[{"embeddable":true,"href":"https:\/\/blog.lapecera.ch\/index.php?rest_route=%2Fwp%2Fv2%2Fcomments&post=328"}],"version-history":[{"count":0,"href":"https:\/\/blog.lapecera.ch\/index.php?rest_route=\/wp\/v2\/posts\/328\/revisions"}],"wp:attachment":[{"href":"https:\/\/blog.lapecera.ch\/index.php?rest_route=%2Fwp%2Fv2%2Fmedia&parent=328"}],"wp:term":[{"taxonomy":"category","embeddable":true,"href":"https:\/\/blog.lapecera.ch\/index.php?rest_route=%2Fwp%2Fv2%2Fcategories&post=328"},{"taxonomy":"post_tag","embeddable":true,"href":"https:\/\/blog.lapecera.ch\/index.php?rest_route=%2Fwp%2Fv2%2Ftags&post=328"}],"curies":[{"name":"wp","href":"https:\/\/api.w.org\/{rel}","templated":true}]}}