{"id":327,"date":"2009-12-15T16:07:00","date_gmt":"2009-12-15T14:07:00","guid":{"rendered":"http:\/\/lapecera.ch\/?p=327"},"modified":"2009-12-15T16:07:00","modified_gmt":"2009-12-15T14:07:00","slug":"habeis-sido-buenos","status":"publish","type":"post","link":"https:\/\/blog.lapecera.ch\/?p=327","title":{"rendered":"\u00bfHab\u00e9is sido buenos?"},"content":{"rendered":"<p>\u00bfDe verdad de la buena? Mira que si no lo hab\u00e9is sido, igual os qued\u00e1is sin regalo en el \u00faltimo segundo&#8230;<\/p>\n<table width=\"100%\" align=\"center\" border=\"0\" target=\"_blank\">\n<tbody>\n<tr>\n<td><img decoding=\"async\" style=\"width: 320px; height: 320px;\" src=\"http:\/\/www.lapecera.ch\/uploaded_images\/011211-759526.jpg\" border=\"0\" alt=\"\" \/><\/p>\n<p><strong>\u2014S\u00ed, ok&#8230; S\u00ed, de acuerdo&#8230; Entonces no ha sido bueno&#8230; S\u00ed, entiendo&#8230; No hay regalos, s\u00ed&#8230; En vez de eso arrearle hasta dejarlo hecho unos zorros, \u00a1el chulo \u00e9ste!&#8230; De acuerdo&#8230; Lleg\u00f3 en el \u00faltimo segundo<\/strong><\/td>\n<\/tr>\n<\/tbody>\n<\/table>\n<p>Me encantar\u00eda hablar de temas trascendentales como el gobierno espa\u00f1ol y lo confuso que le resulta a algunos el t\u00e9rmino socialista en los tiempos que corren, la famosa crisis que azota \u00faltimamente los Emiratos \u00c1rabes y de paso al resto del mundo, el &#8220;Minarett-Verbot&#8221;, que suscit\u00f3 prensa fuera de las fronteras de Suiza por primera vez desde que Blocher llegase al Bundesrat (que luego se fuera a nadie pareci\u00f3 importarle, mira t\u00fa), el cambio de horario de los trenes en Suiza para el 2010 y la cancelaci\u00f3n del tren nocturno a Roma (T-T) o podr\u00eda escribir una oda al que le rompi\u00f3 la nariz al Berlusconi&#8230; pero yo soy intrascendental y trivial, no leo peri\u00f3dicos ni veo la tele y prefiero vivir en mi mundo piruleta  ^____^ As\u00ed que celebramos el tercero de Adviento con otro c\u00f3mic de NICHTLUSTIG de mi calendario 2009 que se est\u00e1 acabando \ud83d\ude09<\/p>\n<p>Con esto y un bizcocho&#8230; Besos<br \/>Cris<\/p>\n","protected":false},"excerpt":{"rendered":"<p>\u00bfDe verdad de la buena? Mira que si no lo hab\u00e9is sido, igual os qued\u00e1is sin regalo en el \u00faltimo segundo&#8230; \u2014S\u00ed, ok&#8230; S\u00ed, de acuerdo&#8230; Entonces no ha sido bueno&#8230; S\u00ed, entiendo&#8230; No hay regalos, s\u00ed&#8230; En vez de eso arrearle hasta dejarlo hecho unos zorros, \u00a1el chulo \u00e9ste!&#8230; De acuerdo&#8230; Lleg\u00f3 en el [&hellip;]<\/p>\n","protected":false},"author":3,"featured_media":0,"comment_status":"open","ping_status":"closed","sticky":false,"template":"","format":"standard","meta":{"footnotes":""},"categories":[],"tags":[],"class_list":["post-327","post","type-post","status-publish","format-standard","hentry"],"_links":{"self":[{"href":"https:\/\/blog.lapecera.ch\/index.php?rest_route=\/wp\/v2\/posts\/327","targetHints":{"allow":["GET"]}}],"collection":[{"href":"https:\/\/blog.lapecera.ch\/index.php?rest_route=\/wp\/v2\/posts"}],"about":[{"href":"https:\/\/blog.lapecera.ch\/index.php?rest_route=\/wp\/v2\/types\/post"}],"author":[{"embeddable":true,"href":"https:\/\/blog.lapecera.ch\/index.php?rest_route=\/wp\/v2\/users\/3"}],"replies":[{"embeddable":true,"href":"https:\/\/blog.lapecera.ch\/index.php?rest_route=%2Fwp%2Fv2%2Fcomments&post=327"}],"version-history":[{"count":0,"href":"https:\/\/blog.lapecera.ch\/index.php?rest_route=\/wp\/v2\/posts\/327\/revisions"}],"wp:attachment":[{"href":"https:\/\/blog.lapecera.ch\/index.php?rest_route=%2Fwp%2Fv2%2Fmedia&parent=327"}],"wp:term":[{"taxonomy":"category","embeddable":true,"href":"https:\/\/blog.lapecera.ch\/index.php?rest_route=%2Fwp%2Fv2%2Fcategories&post=327"},{"taxonomy":"post_tag","embeddable":true,"href":"https:\/\/blog.lapecera.ch\/index.php?rest_route=%2Fwp%2Fv2%2Ftags&post=327"}],"curies":[{"name":"wp","href":"https:\/\/api.w.org\/{rel}","templated":true}]}}