{"id":326,"date":"2009-12-10T18:50:00","date_gmt":"2009-12-10T16:50:00","guid":{"rendered":"http:\/\/lapecera.ch\/?p=326"},"modified":"2009-12-10T18:50:00","modified_gmt":"2009-12-10T16:50:00","slug":"vacaciones-de-cris-y-chris-vi-la-isla-bonita-de-curvas-peligrosas","status":"publish","type":"post","link":"https:\/\/blog.lapecera.ch\/?p=326","title":{"rendered":"Vacaciones de Cris y Chris VI: La Isla Bonita de curvas peligrosas"},"content":{"rendered":"<p>Vacaciones son vacaciones, da igual donde vayas, pero si te vas de tu casa, apenas dos semanas despu\u00e9s de haber tenido un robo en tu casa, no puedes disfrutarlas del todo. Estoy casi segura de que Christoph disfrut\u00f3 bastante, pero yo me pas\u00e9 la mayor parte del tiempo tensa queriendo volver a casa para comprobar que todo estaba en su sitio v.v (y encima voy hoy y me doy cuenta de que, aparte de todo lo que se llevaron, se llevaron tambi\u00e9n mi laptop de la empresa, al que no hab\u00eda echao de menos porque no hab\u00eda vuelto a necesitarlo desde el 3.1Cx T___T).<\/p>\n<p>En fin&#8230; El caso es que en las vacaciones hubo de todo un poco. La Palma es una isla preciosa y tiene un paisaje maravilloso e impresionante para hacer <em>Wanderungen<\/em>, pero tiene varios inconvenientes, el m\u00e1s grande de todos ellos: las infraestructuras. Est\u00e1 visto que el plan de infraestructuras del Ministerio de Fomento se perdi\u00f3 en el Atl\u00e1ntico de camino a las islas o algo&#8230; Si el a\u00f1o pasado os dec\u00eda que las autopistas espa\u00f1olas parec\u00edan hechas con FIMO, las carreteras de La Palma eran directamente de plastilina o de barro, lo que prefir\u00e1is&#8230; Aparte, no hab\u00eda visto tantas curvas en carreteras desde tiempo inmemoriales. Esa isla no es apta para L, por ejemplo @_@<\/p>\n<p>El hotel era super chulo con unas piscinas chachis, pero al mismo tiempo un poco cutre (el SPA era de risa, mejor dicho, de carcajada \u00ac\u00ac). El personal, agradable, pero seco, salvo contadas excepciones, tanto buenas como malas. La comida en el hotel, pasable; fuera, deliciosa &#8211; aqu\u00ed una fan del mojo, el bienmesabe y el gofio *\u00ac* (me he comprao un libro de recetas, \u00bfcomo no? xD).<\/p>\n<p><a href=\"http:\/\/www.lapecera.ch\/uploaded_images\/IMG_1117-738230.JPG\" rel=\"example3\" title=\"La Palma\"><img decoding=\"async\" style=\"float:right; margin:0 0 10px 10px;cursor:pointer; cursor:hand;width: 200px; height: 133px;\" src=\"http:\/\/www.lapecera.ch\/uploaded_images\/IMG_1117-737902.JPG\" border=\"0\" alt=\"\" \/><\/a>Os pongo los highlights de las vacaciones para no aburriros contando toooooddooo xD<br \/>&#8211; Como ya he dicho, las carreteras y sus curvas. El trazado de carreteras parec\u00eda estar hecho por un ni\u00f1o de tres a\u00f1os con un l\u00e1piz v.v especialmente en las carreteras secundarias de monta\u00f1a (aka LP-111 y LP-219, creo que eran).<br \/>&#8211; El Stand de la empresa de alquiler de coches parec\u00eda sacada de Koh Samui pero sin playas y sol, sino en el sotano 1 del garaje fO.o<br \/>&#8211; La carretera secundario LP-111 por la que nos metimos sin saber c\u00f3mo, que parec\u00eda que estuviesemos en plena selva. Los tres tuneles por los que pasamos parec\u00edan haber sido escavados en la roca con una cuchara, en serio O__O<br \/>&#8211; La pizza marinera que nos comimos a pie de piscina en el hotel, \u00a1qu\u00e9 buena estaba la conden\u00e1!<br \/>&#8211; El SPA de pacotilla del hotel sin zona nudista, pero con sauna y con un mal llamado &#8220;circuito termal&#8221; donde no funcionaba la mitad de los chorros de agua&#8230; y por el que nos cobraron 10\u20ac \u00ac\u00ac<br \/>&#8211; El masaje de cuerpo completo que no s\u00f3lo me dej\u00f3 con dolor de espalda, sino tambi\u00e9n toda grasa. No s\u00e9 qu\u00e9 aceite utilizar\u00eda, pero creo que con un par de hojas de lechuga, un tomate y cebolla hubieramos hecho una buena ensalada&#8230; y me cobraron 40\u20ac \u00ac\u00ac<br \/>&#8211; El centro de visitantes del volc\u00e1n San Antonio&#8230; de risa. El volc\u00e1n San Antonio y el Tenegu\u00eda, maravillosos *\u00ac* aunque a punto estuve de salir volando en la cima del Tenegu\u00eda de lo fuerte que soplaba el viento xDD<br \/>&#8211; Los lagartos canarios que quer\u00edan atacar a Christoph y robarle la mochila xDDD<br \/>&#8211; El traspi\u00e9 de la camarera que le tir\u00f3 a Christoph el coctail y la fanta que hab\u00edamos pedido&#8230; y la mala baba y poco sentido de servicio al cliente del jefe de barra cuando le dijo que pagase ella las bebidas porque hab\u00eda sido su culpa, cuando ella insinu\u00f3 que deber\u00edan invitarnos &#8211; Christoph se pas\u00f3 toda la noche y parte del d\u00eda siguiente con ganas de crucificar al tipo este.<br \/>&#8211; La playa de Puerto Naos *\u00ac*<br \/>&#8211; Las plantaciones de platanos &#8211; kil\u00f3metros y kil\u00f3metros de plataneros, \u00a1impresionante!<br \/>&#8211; San Andr\u00e9s para tomarse un cafetito a media tarde en el plaza de la iglesia (que ocupa casi m\u00e1s sitio que el pueblo entero xD).<br \/>&#8211; La cascada de colores y los 51\u20ac que nos quer\u00edan cascar por subirnos a un mirador para poder hacer el sendero que ten\u00edamos planeado&#8230; <br \/>&#8211; Las puestas de sol *_______*<br \/>&#8211; Las papas arrugadas, el mojo rojo, el gofio escaldado, el bienmesabe&#8230; \u00a1\u00f1am!<br \/>&#8211; La maravillosa idea del cabildo insular de La Palma y la Federaci\u00f3n Espa\u00f1ola de Deportes de Monta\u00f1a y Escalada de crear rutas de monta\u00f1a y senderos marcados (como dios quiso, claro, si no llega a ser por los &#8220;Steinm\u00e4nnchen&#8221; todav\u00eda estar\u00edamos en el barranco de las Angustias \u00ac\u00ac) en la isla, pero sin arreglar el principal problema de los monta\u00f1eros, o sea, \u00bfc\u00f3mo llegamos hasta all\u00ed? y \u00bfc\u00f3mo volvemos a casa? \u00a1S\u00ed, se\u00f1or! Empezar la casa por el tejado, muy bien \u00ac\u00ac (Esto es, en realidad, aplicable a toda Espa\u00f1a, islas inclu\u00eddas). Y \u00bfqui\u00e9n carajo tuvo la brillante idea de clasificar los senderos en Gran Recorrido, Peque\u00f1o Recorrido y Sendero Local sin atender a la dificultad del mismo? fO.o Es el d\u00eda de hoy que me pregunto para qu\u00e9 sirve la famosa Federaci\u00f3n Espa\u00f1ola de Deportes de Monta\u00f1a y Escalada, que las federaciones y las homolagaciones y las xxxciones molan un g\u00fcevo, pero no sirven de nada, si no se hacen bien, jez\u00fa&#8230;<\/p>\n<p>Y en fin, que eso es todo&#8230; Las fotos las subir\u00e9 en cuanto pueda, que no s\u00e9 cu\u00e1ndo ser\u00e1. Ahora me voy yendo pa casina \ud83d\ude09<\/p>\n<p>Con esto y un bizcocho&#8230; Besos<br \/>Cris<\/p>\n<p>PS: \u00bfAlguien m\u00e1s ve la mala baba de Roland Emmerich en &#8220;2012&#8221;? Aparte de ser un &#8220;Katastrophenporno&#8221;, es una comedia en toda regla, oye&#8230; Las arcas de No\u00e9, todos los momentos &#8220;ahora voy a morir, pero me salvo por los pelos&#8221;&#8230; La peli es memorable, en serio xDDDD<\/p>\n","protected":false},"excerpt":{"rendered":"<p>Vacaciones son vacaciones, da igual donde vayas, pero si te vas de tu casa, apenas dos semanas despu\u00e9s de haber tenido un robo en tu casa, no puedes disfrutarlas del todo. Estoy casi segura de que Christoph disfrut\u00f3 bastante, pero yo me pas\u00e9 la mayor parte del tiempo tensa queriendo volver a casa para comprobar [&hellip;]<\/p>\n","protected":false},"author":3,"featured_media":0,"comment_status":"open","ping_status":"closed","sticky":false,"template":"","format":"standard","meta":{"footnotes":""},"categories":[],"tags":[],"class_list":["post-326","post","type-post","status-publish","format-standard","hentry"],"_links":{"self":[{"href":"https:\/\/blog.lapecera.ch\/index.php?rest_route=\/wp\/v2\/posts\/326","targetHints":{"allow":["GET"]}}],"collection":[{"href":"https:\/\/blog.lapecera.ch\/index.php?rest_route=\/wp\/v2\/posts"}],"about":[{"href":"https:\/\/blog.lapecera.ch\/index.php?rest_route=\/wp\/v2\/types\/post"}],"author":[{"embeddable":true,"href":"https:\/\/blog.lapecera.ch\/index.php?rest_route=\/wp\/v2\/users\/3"}],"replies":[{"embeddable":true,"href":"https:\/\/blog.lapecera.ch\/index.php?rest_route=%2Fwp%2Fv2%2Fcomments&post=326"}],"version-history":[{"count":0,"href":"https:\/\/blog.lapecera.ch\/index.php?rest_route=\/wp\/v2\/posts\/326\/revisions"}],"wp:attachment":[{"href":"https:\/\/blog.lapecera.ch\/index.php?rest_route=%2Fwp%2Fv2%2Fmedia&parent=326"}],"wp:term":[{"taxonomy":"category","embeddable":true,"href":"https:\/\/blog.lapecera.ch\/index.php?rest_route=%2Fwp%2Fv2%2Fcategories&post=326"},{"taxonomy":"post_tag","embeddable":true,"href":"https:\/\/blog.lapecera.ch\/index.php?rest_route=%2Fwp%2Fv2%2Ftags&post=326"}],"curies":[{"name":"wp","href":"https:\/\/api.w.org\/{rel}","templated":true}]}}