{"id":323,"date":"2009-11-25T17:31:00","date_gmt":"2009-11-25T15:31:00","guid":{"rendered":"http:\/\/lapecera.ch\/?p=323"},"modified":"2009-11-25T17:31:00","modified_gmt":"2009-11-25T15:31:00","slug":"cerraste-la-puerta","status":"publish","type":"post","link":"https:\/\/blog.lapecera.ch\/?p=323","title":{"rendered":"\u00bfCerraste la puerta?"},"content":{"rendered":"<p><em>**N\u00f3tese que soy asturiana**<\/em><\/p>\n<p>El examen ya est\u00e1 hecho y no tengo ni idea de si ha salido bien o mal. Hab\u00eda preguntas que eran muy f\u00e1ciles, otras que me sonaban, que las hab\u00eda visto en la documentaci\u00f3n o en los apuntes y otras que no ten\u00eda ni p*** idea de d\u00f3nde hab\u00edan salido&#8230; 120 preguntas en 120 minutos y \u2013\u00bfc\u00f3mo no?\u2013 yo acab\u00e9 en aproximadamente 70 minutos. Cuando llegu\u00e9 a la parte de revisar, me qued\u00e9 en plan: &#8220;\u00bfy qu\u00e9 quer\u00e9is que repase, si sigo sin saber las respuestas?&#8221;. Esper\u00e9 durante media hora a que me llegase la inspiraci\u00f3n divina, o mejor dicho, me pas\u00e9 casi media hora intentando contestar la pregunta 7 utilizando el texto de la 55 (probablemente est\u00e9n las dos mal xDD) y termin\u00e9 oficialmente el examen 21 minutos antes. Ahora s\u00f3lo queda esperar&#8230; Patrick y Bruno, tambi\u00e9n de Avaloq, que hicieron el examen hoy, est\u00e1n como yo, en plan &#8220;no s\u00e9 c\u00f3mo me ha salido&#8221;. En fin&#8230;<\/p>\n<p>El t\u00edtulo del post viene a cuenta de mi paranoia particular, intensificada desde el robo, de si cerr\u00e9 la puerta de casa o no. Y es que en este bendito pa\u00eds las puertas no se cierran solas como en Espa\u00f1a (que si te dejas las llaves en casa, no entras de nuevo), aqu\u00ed las puertas tienes que cerrarlas con llave o se quedan abiertas, o mejor dicho, inseguras&#8230; Siempre he tenido la paranoia porque como imaginar\u00e9is me la he dejado abierta un par de veces&#8230; Pero desde lo de Allschwil y ahora lo de Olten, me he vuelto tres veces m\u00e1s parano\u00edca. Hasta el punto de que cuando estoy en el tren, ya no recuerdo si ech\u00e9 la llave o no&#8230; y me paso el d\u00eda con la mosca detr\u00e1s de la oreja v.v Antes todav\u00eda pod\u00eda llamar a Taty y pedirle que se pasase por casa en un momento para aliviar mis demonios internos, pero ahora si llamo a Andrea (madrina de Janis que vive en el mismo edificio, as\u00ed de peque\u00f1o es Olten, s\u00ed), se va a pensar que estoy como una p*** cabra (y es cierto, bueno)&#8230; A ver si en las vacaciones me olvido de la paranoia y vuelvo como nueva y con sue\u00f1o de reserva xDD<\/p>\n<p>En total: las vacaciones en el trabajo se me han acabado, o sea, la disculpa del curso, y por tanto, ya me han metido de lleno en la pr\u00f3xima campa\u00f1a de testing que retomar\u00e9 yo como Test manager, cuando vuelva de las vacaciones el d\u00eda 8 T-T Lo \u00fanico bueno es que \u00a1ME VOY DE VACACIONES! y vuelvo, sobrevivo al 3.1.1 y en 22 d\u00edas \u00a1ME VOY DE VACACIONES OTRA VEZ! xDDD<\/p>\n<p>En fin, ni\u00f1os y ninas, que se est\u00e1 haciendo tarde y me voy yendo pa casina, que hoy tenemos que hacer la maleta&#8230; *____*<\/p>\n<p>Con esto y un bizcocho&#8230; Besos<br \/>Cris<\/p>\n<p>PS: \u00bfAlguien por aqu\u00ed ve &#8220;Flash Forward&#8221;? *____*<\/p>\n","protected":false},"excerpt":{"rendered":"<p>**N\u00f3tese que soy asturiana** El examen ya est\u00e1 hecho y no tengo ni idea de si ha salido bien o mal. Hab\u00eda preguntas que eran muy f\u00e1ciles, otras que me sonaban, que las hab\u00eda visto en la documentaci\u00f3n o en los apuntes y otras que no ten\u00eda ni p*** idea de d\u00f3nde hab\u00edan salido&#8230; 120 [&hellip;]<\/p>\n","protected":false},"author":3,"featured_media":0,"comment_status":"open","ping_status":"closed","sticky":false,"template":"","format":"standard","meta":{"footnotes":""},"categories":[],"tags":[],"class_list":["post-323","post","type-post","status-publish","format-standard","hentry"],"_links":{"self":[{"href":"https:\/\/blog.lapecera.ch\/index.php?rest_route=\/wp\/v2\/posts\/323","targetHints":{"allow":["GET"]}}],"collection":[{"href":"https:\/\/blog.lapecera.ch\/index.php?rest_route=\/wp\/v2\/posts"}],"about":[{"href":"https:\/\/blog.lapecera.ch\/index.php?rest_route=\/wp\/v2\/types\/post"}],"author":[{"embeddable":true,"href":"https:\/\/blog.lapecera.ch\/index.php?rest_route=\/wp\/v2\/users\/3"}],"replies":[{"embeddable":true,"href":"https:\/\/blog.lapecera.ch\/index.php?rest_route=%2Fwp%2Fv2%2Fcomments&post=323"}],"version-history":[{"count":0,"href":"https:\/\/blog.lapecera.ch\/index.php?rest_route=\/wp\/v2\/posts\/323\/revisions"}],"wp:attachment":[{"href":"https:\/\/blog.lapecera.ch\/index.php?rest_route=%2Fwp%2Fv2%2Fmedia&parent=323"}],"wp:term":[{"taxonomy":"category","embeddable":true,"href":"https:\/\/blog.lapecera.ch\/index.php?rest_route=%2Fwp%2Fv2%2Fcategories&post=323"},{"taxonomy":"post_tag","embeddable":true,"href":"https:\/\/blog.lapecera.ch\/index.php?rest_route=%2Fwp%2Fv2%2Ftags&post=323"}],"curies":[{"name":"wp","href":"https:\/\/api.w.org\/{rel}","templated":true}]}}