{"id":322,"date":"2009-11-15T20:03:00","date_gmt":"2009-11-15T18:03:00","guid":{"rendered":"http:\/\/lapecera.ch\/?p=322"},"modified":"2009-11-15T20:03:00","modified_gmt":"2009-11-15T18:03:00","slug":"csi-olten","status":"publish","type":"post","link":"https:\/\/blog.lapecera.ch\/?p=322","title":{"rendered":"CSI Olten"},"content":{"rendered":"<p>Ahora mismo un t\u00edo est\u00e1 tomando huellas del suelo y para verlas tiene un aparato como el de los de CSI que entre otras cosas me dice que tengo que limpiar v.v<\/p>\n<p>Hoy he vuelto antes que Christoph a casa para terminar de limpiar y planchar, y quiz\u00e1 estudiar&#8230; y qu\u00e9 me encuentro? La ventana de la cocina rota y TODA la casa, sobre todo, todos los armarios, patas arriba. Se han llevado las &#8220;joyas&#8221; baratas que ten\u00eda, mi Suunto, un m\u00f3vil, 200 euros y la pistola de Christoph. Quiz\u00e1 m\u00e1s, pero de momento no nos dejan tocar nada (ya toqu\u00e9 yo bastante)&#8230;<\/p>\n<p>En fin&#8230; Bonito regalo de cumplea\u00f1os! Robo con allanamiento de morada, chachi!! Y en diez d\u00edas nos vamos de vacaciones?? Qu\u00e9 tranquilidad!! \u00ac\u00ac<\/p>\n<p>Me voy a ver qu\u00e9 me han robado&#8230;<\/p>\n<p>Con esto y un bizcocho&#8230; Besos<br \/>Cris<\/p>\n<p>PS: Aunque parezca incre\u00edble no se llevaron ni los port\u00e1tiles ni la reflex ni la PSP o la PS2&#8230; A ver si no, d\u00f3nde iba a estar yo escribiendo ahora? v.v<\/p>\n","protected":false},"excerpt":{"rendered":"<p>Ahora mismo un t\u00edo est\u00e1 tomando huellas del suelo y para verlas tiene un aparato como el de los de CSI que entre otras cosas me dice que tengo que limpiar v.v Hoy he vuelto antes que Christoph a casa para terminar de limpiar y planchar, y quiz\u00e1 estudiar&#8230; y qu\u00e9 me encuentro? La ventana [&hellip;]<\/p>\n","protected":false},"author":3,"featured_media":0,"comment_status":"open","ping_status":"closed","sticky":false,"template":"","format":"standard","meta":{"footnotes":""},"categories":[],"tags":[],"class_list":["post-322","post","type-post","status-publish","format-standard","hentry"],"_links":{"self":[{"href":"https:\/\/blog.lapecera.ch\/index.php?rest_route=\/wp\/v2\/posts\/322","targetHints":{"allow":["GET"]}}],"collection":[{"href":"https:\/\/blog.lapecera.ch\/index.php?rest_route=\/wp\/v2\/posts"}],"about":[{"href":"https:\/\/blog.lapecera.ch\/index.php?rest_route=\/wp\/v2\/types\/post"}],"author":[{"embeddable":true,"href":"https:\/\/blog.lapecera.ch\/index.php?rest_route=\/wp\/v2\/users\/3"}],"replies":[{"embeddable":true,"href":"https:\/\/blog.lapecera.ch\/index.php?rest_route=%2Fwp%2Fv2%2Fcomments&post=322"}],"version-history":[{"count":0,"href":"https:\/\/blog.lapecera.ch\/index.php?rest_route=\/wp\/v2\/posts\/322\/revisions"}],"wp:attachment":[{"href":"https:\/\/blog.lapecera.ch\/index.php?rest_route=%2Fwp%2Fv2%2Fmedia&parent=322"}],"wp:term":[{"taxonomy":"category","embeddable":true,"href":"https:\/\/blog.lapecera.ch\/index.php?rest_route=%2Fwp%2Fv2%2Fcategories&post=322"},{"taxonomy":"post_tag","embeddable":true,"href":"https:\/\/blog.lapecera.ch\/index.php?rest_route=%2Fwp%2Fv2%2Ftags&post=322"}],"curies":[{"name":"wp","href":"https:\/\/api.w.org\/{rel}","templated":true}]}}