{"id":320,"date":"2009-11-11T00:23:00","date_gmt":"2009-11-10T22:23:00","guid":{"rendered":"http:\/\/lapecera.ch\/?p=320"},"modified":"2009-11-11T00:23:00","modified_gmt":"2009-11-10T22:23:00","slug":"ohrwurm","status":"publish","type":"post","link":"https:\/\/blog.lapecera.ch\/?p=320","title":{"rendered":"Ohrwurm"},"content":{"rendered":"<p>Me persigue, la tengo metida en la oreja desde hace meses&#8230; Es la perfecta historia de pel\u00edcula para adolescentes en high school americano, que son las que m\u00e1s me gustan xDDD<\/p>\n<p><object width=\"480\" height=\"295\"><param name=\"movie\" value=\"http:\/\/www.youtube.com\/v\/5AHzIq_n-DQ&#038;hl=en&#038;fs=1&#038;color1=0x5d1719&#038;color2=0xcd311b\"><\/param><param name=\"allowFullScreen\" value=\"true\"><\/param><param name=\"allowscriptaccess\" value=\"always\"><\/param><embed src=\"http:\/\/www.youtube.com\/v\/5AHzIq_n-DQ&#038;hl=en&#038;fs=1&#038;color1=0x5d1719&#038;color2=0xcd311b\" type=\"application\/x-shockwave-flash\" allowscriptaccess=\"always\" allowfullscreen=\"true\" width=\"480\" height=\"295\"><\/embed><\/object><\/p>\n<p>Me voy a la cama que ma\u00f1ana me espera la reuni\u00f3n con el equipo a las 8 de la ma\u00f1ana y luego m\u00e1s clase y &#8220;rule parameterisation&#8221; \ud83d\ude1b<\/p>\n<p>Con esto y un bizcocho&#8230; Besos<br \/>Cris<\/p>\n<p>PS: \u00bfSab\u00edais que aparte del cumplea\u00f1os de aqu\u00ed la menda, entre otros, <a href=\"http:\/\/www.europapress.es\/chance\/tv\/noticia-barrio-sesamo-cumple-40-anos-20091110141649.html\" target=\"_blank\">hoy Barrio Sesamo ha cumplido 40 a\u00f1os de emisi\u00f3n<\/a>?<\/p>\n","protected":false},"excerpt":{"rendered":"<p>Me persigue, la tengo metida en la oreja desde hace meses&#8230; Es la perfecta historia de pel\u00edcula para adolescentes en high school americano, que son las que m\u00e1s me gustan xDDD Me voy a la cama que ma\u00f1ana me espera la reuni\u00f3n con el equipo a las 8 de la ma\u00f1ana y luego m\u00e1s clase [&hellip;]<\/p>\n","protected":false},"author":3,"featured_media":0,"comment_status":"open","ping_status":"closed","sticky":false,"template":"","format":"standard","meta":{"footnotes":""},"categories":[],"tags":[],"class_list":["post-320","post","type-post","status-publish","format-standard","hentry"],"_links":{"self":[{"href":"https:\/\/blog.lapecera.ch\/index.php?rest_route=\/wp\/v2\/posts\/320","targetHints":{"allow":["GET"]}}],"collection":[{"href":"https:\/\/blog.lapecera.ch\/index.php?rest_route=\/wp\/v2\/posts"}],"about":[{"href":"https:\/\/blog.lapecera.ch\/index.php?rest_route=\/wp\/v2\/types\/post"}],"author":[{"embeddable":true,"href":"https:\/\/blog.lapecera.ch\/index.php?rest_route=\/wp\/v2\/users\/3"}],"replies":[{"embeddable":true,"href":"https:\/\/blog.lapecera.ch\/index.php?rest_route=%2Fwp%2Fv2%2Fcomments&post=320"}],"version-history":[{"count":0,"href":"https:\/\/blog.lapecera.ch\/index.php?rest_route=\/wp\/v2\/posts\/320\/revisions"}],"wp:attachment":[{"href":"https:\/\/blog.lapecera.ch\/index.php?rest_route=%2Fwp%2Fv2%2Fmedia&parent=320"}],"wp:term":[{"taxonomy":"category","embeddable":true,"href":"https:\/\/blog.lapecera.ch\/index.php?rest_route=%2Fwp%2Fv2%2Fcategories&post=320"},{"taxonomy":"post_tag","embeddable":true,"href":"https:\/\/blog.lapecera.ch\/index.php?rest_route=%2Fwp%2Fv2%2Ftags&post=320"}],"curies":[{"name":"wp","href":"https:\/\/api.w.org\/{rel}","templated":true}]}}