{"id":319,"date":"2009-11-10T00:16:00","date_gmt":"2009-11-09T22:16:00","guid":{"rendered":"http:\/\/lapecera.ch\/?p=319"},"modified":"2009-11-10T00:16:00","modified_gmt":"2009-11-09T22:16:00","slug":"look-at-that","status":"publish","type":"post","link":"https:\/\/blog.lapecera.ch\/?p=319","title":{"rendered":"Look at that!"},"content":{"rendered":"<p>\u00a1Fijaos! La cena internacional es tan famoso y mundialmente conocida, que hasta tenemos visitas diplom\u00e1ticas internacionales xDD Los l\u00edderes del primer mundo no se quieren perder el acontecimiento social del a\u00f1o&#8230;<\/p>\n<p><a href=\"http:\/\/www.lapecera.ch\/uploaded_images\/Screenshot-761941.jpg\" rel=\"lightbox\" title=\"Obama\"><img decoding=\"async\" style=\"cursor:pointer; cursor:hand;width: 400px; height: 194px;\" src=\"http:\/\/www.lapecera.ch\/uploaded_images\/Screenshot-761919.jpg\" border=\"0\" alt=\"\" \/><\/a><\/p>\n<p>Me voy pal sobre.<\/p>\n<p>Con esto y un bizcocho&#8230; Besos<br \/>Cris<\/p>\n","protected":false},"excerpt":{"rendered":"<p>\u00a1Fijaos! La cena internacional es tan famoso y mundialmente conocida, que hasta tenemos visitas diplom\u00e1ticas internacionales xDD Los l\u00edderes del primer mundo no se quieren perder el acontecimiento social del a\u00f1o&#8230; Me voy pal sobre. Con esto y un bizcocho&#8230; BesosCris<\/p>\n","protected":false},"author":3,"featured_media":0,"comment_status":"open","ping_status":"closed","sticky":false,"template":"","format":"standard","meta":{"footnotes":""},"categories":[],"tags":[],"class_list":["post-319","post","type-post","status-publish","format-standard","hentry"],"_links":{"self":[{"href":"https:\/\/blog.lapecera.ch\/index.php?rest_route=\/wp\/v2\/posts\/319","targetHints":{"allow":["GET"]}}],"collection":[{"href":"https:\/\/blog.lapecera.ch\/index.php?rest_route=\/wp\/v2\/posts"}],"about":[{"href":"https:\/\/blog.lapecera.ch\/index.php?rest_route=\/wp\/v2\/types\/post"}],"author":[{"embeddable":true,"href":"https:\/\/blog.lapecera.ch\/index.php?rest_route=\/wp\/v2\/users\/3"}],"replies":[{"embeddable":true,"href":"https:\/\/blog.lapecera.ch\/index.php?rest_route=%2Fwp%2Fv2%2Fcomments&post=319"}],"version-history":[{"count":0,"href":"https:\/\/blog.lapecera.ch\/index.php?rest_route=\/wp\/v2\/posts\/319\/revisions"}],"wp:attachment":[{"href":"https:\/\/blog.lapecera.ch\/index.php?rest_route=%2Fwp%2Fv2%2Fmedia&parent=319"}],"wp:term":[{"taxonomy":"category","embeddable":true,"href":"https:\/\/blog.lapecera.ch\/index.php?rest_route=%2Fwp%2Fv2%2Fcategories&post=319"},{"taxonomy":"post_tag","embeddable":true,"href":"https:\/\/blog.lapecera.ch\/index.php?rest_route=%2Fwp%2Fv2%2Ftags&post=319"}],"curies":[{"name":"wp","href":"https:\/\/api.w.org\/{rel}","templated":true}]}}