{"id":318,"date":"2009-11-06T01:28:00","date_gmt":"2009-11-05T23:28:00","guid":{"rendered":"http:\/\/lapecera.ch\/?p=318"},"modified":"2009-11-06T01:28:00","modified_gmt":"2009-11-05T23:28:00","slug":"yo-estaba-en-tercera-persona-o-de-como-perderse-en-la-escritura-automatica","status":"publish","type":"post","link":"https:\/\/blog.lapecera.ch\/?p=318","title":{"rendered":"Yo estaba en tercera persona o de c\u00f3mo perderse en la Escritura Autom\u00e1tica"},"content":{"rendered":"<p>La pregunta de la entrada anterior ten\u00eda un porqu\u00e9 (muchas gracias a todos por dejaros los sesos con ello :)) y todo viene del s\u00e1bado pasado.<\/p>\n<p><a href=\"http:\/\/www.lapecera.ch\/2009\/10\/planes\" target=\"_blank\">Como os dec\u00eda el otro d\u00eda<\/a>, me apunt\u00e9 a un workshop sobre escritura&#8230; en alem\u00e1n xD Pues bien, el caso es que no aprend\u00ed nada nuevo, pero fue interesante, ver lo que ten\u00edan que decir el resto de personas. En total eramos 14 personas y entre ellas, se encontraban un chico que quiere escribir fantas\u00eda, un &#8220;Mo&#8221; en versi\u00f3n suiza y su mujer o una chica de 16 a\u00f1os que planea hacer un cuento ilustrado para su proyecto de &#8220;selectividad&#8221; (=Maturaarbeit) en el instituto.<\/p>\n<p>Lo m\u00e1s interesante quiz\u00e1 fueron los dos ejercicios que hicimos y la lista de libros \u00fatiles que nos dio la tipa, Tania Kummer. El resto eran en plan consejos de escritor, que pueden funcionar pa ella, pero no pa otros&#8230; En fin&#8230; Los ejercicios fueron los siguientes: primero, tuvimos que describirnos en siete frases y, tras la pausa, hicimos una prueba de Escritura Autom\u00e1tica, que consist\u00eda en escribir sin parar durante siete minutos, empezando con &#8220;Ich&#8221;. El problema es que yo empec\u00e9 sin el &#8220;yo&#8221; en espa\u00f1ol y a la tercera palabra se me olvid\u00f3 que ten\u00eda que escribir en primera persona \ud83d\ude1b<\/p>\n<p>Aqu\u00ed os dejo lo que sali\u00f3 de ello:<\/p>\n<blockquote><p>1. Sie war kurz vor Ende des Studium in BWL, als sie den charmanten Schweizer kennen gelernt hat, der sie ein paar Jahre sp\u00e4ter in die Schweiz gebracht hat (Estaba a punto de terminar la carrera de Econ\u00f3micas cuando conoci\u00f3 al encantador suizo que un par de a\u00f1os m\u00e1s tardes la llevar\u00eda a Suiza)<br \/>2. Sie ist keine typische Spanierin, eher eine w\u00fcrde-lieber-Schweizerin, ausser wenn es um Reden und Temperament geht. (No es una t\u00edpica espa\u00f1ola, m\u00e1s bien una casi suiza, excepto cuando a hablar o al temperamento se refiere)<br \/>3. Obwohl sie sich als Faultier definieren w\u00fcrde, neige sie auch dazu, sich in Tausende von Sachen einzuwickeln und nichts zu Ende zu bringen. (Aunque se definir\u00eda como vaga, tiende a meterse en mil berenjenales y nunca terminar nada)<br \/>4. Sie ist Hobby-Webmasterin, -Moderatorin, -Bloggerin, -S\u00e4ngerin, -Schriftstellerin und -Malerin und innere-Schweinehund-Bek\u00e4mpferin. (Es webmaster, moderadora, bloggera, cantante, escritora y pintora aficionada y <a href=\"http:\/\/www.lapecera.ch\/2008\/02\/oda-a-mi-perrocerdo-interior\">lidiadora de perros-cerdos interiores<\/a>)<br \/>5. Sie ist eine Schlafm\u00fctze im Zug nach Z\u00fcrich am Morgen, und eine Leseratte am Abend auf dem Weg nach Hause. (Dormilonas por las ma\u00f1anas en el tren a Z\u00farich y lectora apasionada por la noche en el camino a casa)<br \/>6. N\u00e4chste Woche hat sie Geburtstag und sie wird 25&#8230; zum achten Mal. (La semana que viene cumple 25 a\u00f1os por octava vez)<br \/>7. Sie ist der Schockolade treu. (Es una incondicional del chocolate) <-- Se me hab\u00eda acabado el tiempo y no se me ocurri\u00f3 nada mejor v.v<\/p><\/blockquote>\n<p>Y esto es lo que deber\u00eda haber escrito, despu\u00e9s de escuchar lo que ten\u00edan que decir los dem\u00e1s que s\u00f3lo hablaban de porqu\u00e9 quer\u00edan escribir (\u00bfes eso una descripci\u00f3n? fO.o): &#8220;Sie hat sich f\u00fcr diesen Kurs angemeldet, weil Marc und Lola diese Chance verdienen&#8221; (Se ha apuntado a este curso porque Marc y Lola merecen esta oportunidad) ^____^ aunque al final no sirviera de nada T-T<\/p>\n<p>Y aqu\u00ed est\u00e1 el experimiento de los siete minutos que sali\u00f3 como dios quiso xDD Imaginaos que donde ahora pone &#8220;ruleta&#8221; o &#8220;columpios&#8221; antes pon\u00eda &#8220;cacharro que da vueltas en el parque&#8221; y &#8220;los cachivaches del parque&#8221; xDDD:<\/p>\n<blockquote><p>Estaba sentada en el banco que m\u00e1s le gustaba del parque con un libro y un chocolate caliente en su termo. Hac\u00eda algo de fr\u00edo, despu\u00e9s de todo ya era octubre y el cielo se mostraba gris plomizo sobre su cabeza. La ruleta del parque daba vueltas mecida por la suave brisa y sonaba con un gracioso \u201c\u00f1ac, \u00f1ac\u201d que constitu\u00eda para ella la m\u00fasica de fondo de una tarde en el parque. Abri\u00f3 el libro por la p\u00e1gina marcada y se dispuso a leer, pero un llanto lejano la distrajo antes incluso de que sus ojos alcanzaran a leer la primera letra. Movida por la curiosidad, se concetr\u00f3 y sigui\u00f3 el sonido apagado que la hab\u00eda distraido. Camin\u00f3 en direcci\u00f3n a los columnios. Los sollozos se hicieron m\u00e1s fuertes a medida que se acercaba a la fuente. Y entonces le vio. Era un muchachito de unos siete a\u00f1os que lloraba con amargura sentado junto a la escalera del tobog\u00e1n. Estaba todo encogido con las manos abrazando sus piernas y la cabeza enterrada en sus rodillas. Ten\u00eda una cabeza poblada de graciosos rizos casta\u00f1os que se sacud\u00eda con cada sollozos. Ella se acerc\u00f3 y le toc\u00f3 en el hombro haciendo que dejase de llorar por un momento debido a la sorpresa. Un par de ojos grises la miraron con curiosidad, pero cargados de tristeza. No dijo nada, tampoco hizo adem\u00e1n de querer hacerlo. Sim(plemente)&#8230; &#8211;> y hasta aqu\u00ed pude escribir xD<\/p><\/blockquote>\n<p>No s\u00e9 de d\u00f3nde sali\u00f3 esto ese d\u00eda espec\u00edfico, pero lo que s\u00ed s\u00e9 es que tengo al cacharro-ruleta-carrusel metido en la cabeza desde que el otro d\u00eda lo vi dar vueltas \u00e9l solo en el parque que hay al comienzo de la calle v.v Se comprende que mi cabeza quer\u00eda sacarlo de alguna manera xDDD<\/p>\n<p>Y ahora me voy pal sobre inmediatamente antes de que me duerma en el fatboy con el ordenador encima zzzZzZzZzzZzz \u00a1Buenas noches!<\/p>\n<p>Con esto y un bizcocho&#8230; Besos<br \/>Cris<\/p>\n","protected":false},"excerpt":{"rendered":"<p>La pregunta de la entrada anterior ten\u00eda un porqu\u00e9 (muchas gracias a todos por dejaros los sesos con ello :)) y todo viene del s\u00e1bado pasado. Como os dec\u00eda el otro d\u00eda, me apunt\u00e9 a un workshop sobre escritura&#8230; en alem\u00e1n xD Pues bien, el caso es que no aprend\u00ed nada nuevo, pero fue interesante, [&hellip;]<\/p>\n","protected":false},"author":3,"featured_media":0,"comment_status":"open","ping_status":"closed","sticky":false,"template":"","format":"standard","meta":{"footnotes":""},"categories":[],"tags":[],"class_list":["post-318","post","type-post","status-publish","format-standard","hentry"],"_links":{"self":[{"href":"https:\/\/blog.lapecera.ch\/index.php?rest_route=\/wp\/v2\/posts\/318","targetHints":{"allow":["GET"]}}],"collection":[{"href":"https:\/\/blog.lapecera.ch\/index.php?rest_route=\/wp\/v2\/posts"}],"about":[{"href":"https:\/\/blog.lapecera.ch\/index.php?rest_route=\/wp\/v2\/types\/post"}],"author":[{"embeddable":true,"href":"https:\/\/blog.lapecera.ch\/index.php?rest_route=\/wp\/v2\/users\/3"}],"replies":[{"embeddable":true,"href":"https:\/\/blog.lapecera.ch\/index.php?rest_route=%2Fwp%2Fv2%2Fcomments&post=318"}],"version-history":[{"count":0,"href":"https:\/\/blog.lapecera.ch\/index.php?rest_route=\/wp\/v2\/posts\/318\/revisions"}],"wp:attachment":[{"href":"https:\/\/blog.lapecera.ch\/index.php?rest_route=%2Fwp%2Fv2%2Fmedia&parent=318"}],"wp:term":[{"taxonomy":"category","embeddable":true,"href":"https:\/\/blog.lapecera.ch\/index.php?rest_route=%2Fwp%2Fv2%2Fcategories&post=318"},{"taxonomy":"post_tag","embeddable":true,"href":"https:\/\/blog.lapecera.ch\/index.php?rest_route=%2Fwp%2Fv2%2Ftags&post=318"}],"curies":[{"name":"wp","href":"https:\/\/api.w.org\/{rel}","templated":true}]}}