{"id":315,"date":"2009-10-27T13:05:00","date_gmt":"2009-10-27T11:05:00","guid":{"rendered":"http:\/\/lapecera.ch\/?p=315"},"modified":"2009-10-27T13:05:00","modified_gmt":"2009-10-27T11:05:00","slug":"planes","status":"publish","type":"post","link":"https:\/\/blog.lapecera.ch\/?p=315","title":{"rendered":"Planes"},"content":{"rendered":"<p>El otro d\u00eda os contaba de las <a href=\"http:\/\/www.lapecera.ch\/2009\/10\/decisiones.html\" target=\"_blank\">decisiones<\/a> que hab\u00eda tomado en las \u00faltimas semanas (sobre todo, en las semanas que dur\u00f3 3.1Cx). Pues bien, la decisi\u00f3n n\u00famero 2 se ha ido un poco al garete&#8230; Bueno, no, simplemente ha cambiado un poco. El otro d\u00eda, por casualidad, encontr\u00e9 en <a href=\"http:\/\/music.ch\/\" target=\"_blank\">music.ch<\/a> a un tipo de Olten que est\u00e1 montando un grupo busca gente. Despu\u00e9s del curso, el examen y las vacaciones volver\u00e9 a contactar con \u00e9l y si todav\u00eda tiene inter\u00e9s, probar\u00e9 a ver qu\u00e9 sale de ah\u00ed xD<\/p>\n<p>La quinta decisi\u00f3n esta en marcha: ya tengo un par de ideas, colores y modelos para pintar. Ahora solo me falta el tiempo y el maldito lapiz de dibujar, mi favorito. No lo encuentro por ning\u00fan lado y cuando he preguntado en diferentes tiendas de dibujo y pintura en Zurich, nadie conoc\u00eda el Pilot Croquis \u00f2.\u00f3 Tendr\u00e9 que probar en Basel, donde lo compr\u00e9 (y entre tanto, aparecer\u00e1, fijo). Y otra vez tengo que quejarme de mi se\u00f1or contrario. Le pregunto el fin de semana: &#8220;\u00bfQu\u00e9 te parece ese dibujo? \u00bfCrees que me saldr\u00e1?&#8221;. Y va y me contesta: &#8220;No, porque es muy dif\u00edcil&#8221;. Os he dicho ya que me encanta como me apoya Christoph para lo que no le interesa (notese la iron\u00eda) v.v<\/p>\n<p>Para la cuarta decisi\u00f3n este fin de semana me viene de perlas. En Olten es la feria del libro y han organizado un &#8220;Schreibworkshop&#8221; de dos horas totalmente gratis \ud83d\ude00 as\u00ed que me he apuntado. \u00a1Ok! Es en alem\u00e1n, pero \u00a1jo, los que est\u00e1n en espa\u00f1ol me quedan muy lejos. De todas formas estoy pensando en apuntarme a un curso por Internet, pero eso no pasara hasta que me arreglen el ordenador v.v <\/p>\n<p>Hablando de port\u00e1tiles, el otro d\u00eda se encargo Christoph de llamar a DELL de nuevo, para que le dijeran lo mismo v.v El caso es que tengo que pagar los 200 francos -ya los he pagado-, para que el t\u00e9cnico pueda venir a casa y arreglar el cacharro. El problema actual es que con el curso no voy a poder estar en casa nunca en horas de oficina, \u00a1chachi! Pero bueno, todav\u00eda tengo que llamar y pedir la cita v.v<\/p>\n<p><img decoding=\"async\" style=\"BORDER-RIGHT: #c83e22 1px solid; BORDER-TOP: #c83e22 1px solid; DISPLAY: block; MARGIN: 0px auto 10px; BORDER-LEFT: #c83e22 1px solid; BORDER-BOTTOM: #c83e22 1px solid;\" src=\"http:\/\/www.lapecera.ch\/uploaded_images\/cyh-731898.gif\" border=\"0\" \/><br \/>Y eso es todo de momento. Estoy intentando no dormirme durante la primera clase seria del curso: Avaloq Foundation. Luego, en un cuarto de hora, me voy a comer pizza con mi Lunch Group. La vamos a hacer nosotros mismos \ud83d\ude42<\/p>\n<p>\u00a1Hala, ta luego!<\/p>\n<p>Con esto y un bizcocho&#8230; Besos<br \/>Cris<\/p>\n<p>PS: Por cierto, \u00bfalguien se ha fijado que he cambiado la canci\u00f3n del blog? \u00bfOs gusta esa versi\u00f3n?<\/p>\n","protected":false},"excerpt":{"rendered":"<p>El otro d\u00eda os contaba de las decisiones que hab\u00eda tomado en las \u00faltimas semanas (sobre todo, en las semanas que dur\u00f3 3.1Cx). Pues bien, la decisi\u00f3n n\u00famero 2 se ha ido un poco al garete&#8230; Bueno, no, simplemente ha cambiado un poco. El otro d\u00eda, por casualidad, encontr\u00e9 en music.ch a un tipo de [&hellip;]<\/p>\n","protected":false},"author":3,"featured_media":0,"comment_status":"open","ping_status":"closed","sticky":false,"template":"","format":"standard","meta":{"footnotes":""},"categories":[],"tags":[],"class_list":["post-315","post","type-post","status-publish","format-standard","hentry"],"_links":{"self":[{"href":"https:\/\/blog.lapecera.ch\/index.php?rest_route=\/wp\/v2\/posts\/315","targetHints":{"allow":["GET"]}}],"collection":[{"href":"https:\/\/blog.lapecera.ch\/index.php?rest_route=\/wp\/v2\/posts"}],"about":[{"href":"https:\/\/blog.lapecera.ch\/index.php?rest_route=\/wp\/v2\/types\/post"}],"author":[{"embeddable":true,"href":"https:\/\/blog.lapecera.ch\/index.php?rest_route=\/wp\/v2\/users\/3"}],"replies":[{"embeddable":true,"href":"https:\/\/blog.lapecera.ch\/index.php?rest_route=%2Fwp%2Fv2%2Fcomments&post=315"}],"version-history":[{"count":0,"href":"https:\/\/blog.lapecera.ch\/index.php?rest_route=\/wp\/v2\/posts\/315\/revisions"}],"wp:attachment":[{"href":"https:\/\/blog.lapecera.ch\/index.php?rest_route=%2Fwp%2Fv2%2Fmedia&parent=315"}],"wp:term":[{"taxonomy":"category","embeddable":true,"href":"https:\/\/blog.lapecera.ch\/index.php?rest_route=%2Fwp%2Fv2%2Fcategories&post=315"},{"taxonomy":"post_tag","embeddable":true,"href":"https:\/\/blog.lapecera.ch\/index.php?rest_route=%2Fwp%2Fv2%2Ftags&post=315"}],"curies":[{"name":"wp","href":"https:\/\/api.w.org\/{rel}","templated":true}]}}