{"id":312,"date":"2009-10-19T14:27:00","date_gmt":"2009-10-19T12:27:00","guid":{"rendered":"http:\/\/lapecera.ch\/?p=312"},"modified":"2009-10-19T14:27:00","modified_gmt":"2009-10-19T12:27:00","slug":"decisiones","status":"publish","type":"post","link":"https:\/\/blog.lapecera.ch\/?p=312","title":{"rendered":"Decisiones"},"content":{"rendered":"<p>Casi sin darme cuenta en el transcurso de las \u00faltimas semanas he tomado varias decisiones que si consigo llevarlas a cabo, es posible que sea m\u00e1s feliz en mi vida. <\/p>\n<p>La primera es: no voy a volver a clases de canto, al menos, no en Olten. Primero, porque me queda a desmano y necesito planificarlo tanto como para ir a Basel. Segundo, la profesora, Erika, es una t\u00eda muy rara, que encima de no conocer a Dido o a Norah Jones, tiene el morro de criticar a mi anterior profesora, Evy, sin saber siquiera su nombre, o de preguntarme porqu\u00e9 le ocult\u00e9 el nombre de mi anterior profesora, cuando le dije bien claro en la primera clase que no sab\u00eda c\u00f3mo se apellidaba (o mejor dicho, no sab\u00eda c\u00f3mo se pronunciaba), pero le di la URL de su p\u00e1gina web. Me pon\u00eda nerviosa en las clases y por mucho que elogiase mi &#8220;talento&#8221; y mi &#8220;maravillosa voz&#8221; no me gusta el ambiente que se respiraba en su clase v.v<\/p>\n<p><a href=\"http:\/\/papalbina.deviantart.com\" target=\"_blank\"><img decoding=\"async\" style=\"float:right; margin:0 0 10px 10px;cursor:pointer; cursor:hand;width: 126px; height: 200px;\" src=\"http:\/\/www.lapecera.ch\/uploaded_images\/rojodelachina-725495.jpg\" border=\"0\" alt=\"\" \/><\/a>La segunda es: voy a dejar de buscar una banda porque no encuentro ninguna que pegue conmigo o con lo que yo necesito. Intentar encontrar un grupo en el que las canciones me gusten, quede cerca de casa y no tengan m\u00e1s ambiciones que la de pasarlo bien es como buscar una aguja en un pajar y me estresa. As\u00ed que me rindo&#8230; Si surge la oportunidad, la aprovechar\u00e9, pero paso de seguir busc\u00e1ndola yo misma \u00ac\u00ac<\/p>\n<p>La tercera es: tampoco me voy a buscar un coro, ese era el backup si la opci\u00f3n del grupo no funcionaba. Los que he encontrado o tienen ensayos los viernes por la noche, cuando yo quiero irme a casa o quedar con los amigos despues de una semana de trabajo o cantan siempre lo mismo (estoy hasta las narices de &#8220;Amazing Grace&#8221;). Y los que no cantan lo mismo, no necesitan mezzosopranos porque tienen suficientes \u00ac\u00ac Pues, lo dejo ya y me quito otra carga de encima&#8230; A partir de ahora cantar\u00e9 yo sola en casa para las paredes o todo aquel que me quiera poner la oreja mientras escucho a Brandi Carlile o a A Fine Frenzy o a Johnny Cash, por ejemplo.<\/p>\n<p>La cuarta es: voy a terminar &#8220;En Basel&#8221;, as\u00ed sea lo \u00faltimo que haga. Estoy ultimando los preparativos de los preparativos xD Es decir, estoy buscando informaci\u00f3n para poder crear una trama que no sea muy complicada, pero que encaje con Lola y Marc. Nada de relatos cortos, ni historias paralelas, a excepci\u00f3n de lo que necesite para complementar &#8220;En Basel&#8221;, nada de Roger, Manuela o Laura, nada de Caryopsis, nada de la fuegos y Ra\u00fal. A partir de ahora s\u00f3lo existen Lola, Marc, Lorelei, Nico, Mara, Raf, Andy y Dani (y Lilianne, pero es otra historia xD).<\/p>\n<p>La quinta es: en mi casa hay cinco o seis lienzos en blanco. De aqu\u00ed al verano que vienen tienen que estar todos pintados. \u00bfC\u00f3mo? \u00bfCon qu\u00e9? No tengo ni pajolera idea, pero es el reto de este invierno&#8230; Ese, y ser capaz de ir a correr al menos una vez a la semana, as\u00ed me quede como un cubito. <\/p>\n<p>La sexta es: que seguir\u00e9 manteniendo mis lecturas en anobii.com y por cada libro que lea, incluir\u00e9 siempre un comentario. Es decir, que seguir\u00e9 haciendo como hasta ahora&#8230; Adem\u00e1s, tengo como meta llegar a leer 9000 p\u00e1ginas este a\u00f1o. De momento, llevo 7700. Me faltan unos 3 \u00f3 4 libros xD E intentar\u00e9 mantenerme\/ponerme al d\u00eda con las series manga que me gustan, entre ellas, Skip Beat, Ouran High School Host Club, Dengeki Daisy, Special-A y Nana. Esta \u00faltima no estoy segura de querer continuarla \u00ac\u00ac<\/p>\n<p>Creo que he tomado alguna que otra decisi\u00f3n m\u00e1s, pero ahora mismo no recuerdo de qu\u00e9 iba xDD Este fin de semana he acabado el cuadro que lleva rondando por casa al menos a\u00f1o y medio&#8230; A Christoph no le ha gustado, pero como que me da lo mismo&#8230; Hoy voy a colgarlo en el sal\u00f3n y subir\u00e9 una foto del mismo para que pod\u00e1is contemplar mi arte xDDDD<\/p>\n<p>Y ahora os dejo: aun me quedan dos horas de tortura china en la empresa antes de poder irme a casa con mi dolor de cabeza.<\/p>\n<p>Con esto y un bizcocho&#8230; Besos<br \/>Cris<\/p>\n<p>PS: \u00bfAlguien m\u00e1s tiene problemas para entrar en el foro de LGG? A m\u00ed no me funciona desde ayer. No critical error ni nada parecido, simplemente lauragallego.com parece haber desaparecido de la red fO.o<br \/>PS2: Si primero lo publico, primero vuelve la web \u00ac\u00ac En fin&#8230;<\/p>\n","protected":false},"excerpt":{"rendered":"<p>Casi sin darme cuenta en el transcurso de las \u00faltimas semanas he tomado varias decisiones que si consigo llevarlas a cabo, es posible que sea m\u00e1s feliz en mi vida. La primera es: no voy a volver a clases de canto, al menos, no en Olten. Primero, porque me queda a desmano y necesito planificarlo [&hellip;]<\/p>\n","protected":false},"author":3,"featured_media":0,"comment_status":"open","ping_status":"closed","sticky":false,"template":"","format":"standard","meta":{"footnotes":""},"categories":[],"tags":[],"class_list":["post-312","post","type-post","status-publish","format-standard","hentry"],"_links":{"self":[{"href":"https:\/\/blog.lapecera.ch\/index.php?rest_route=\/wp\/v2\/posts\/312","targetHints":{"allow":["GET"]}}],"collection":[{"href":"https:\/\/blog.lapecera.ch\/index.php?rest_route=\/wp\/v2\/posts"}],"about":[{"href":"https:\/\/blog.lapecera.ch\/index.php?rest_route=\/wp\/v2\/types\/post"}],"author":[{"embeddable":true,"href":"https:\/\/blog.lapecera.ch\/index.php?rest_route=\/wp\/v2\/users\/3"}],"replies":[{"embeddable":true,"href":"https:\/\/blog.lapecera.ch\/index.php?rest_route=%2Fwp%2Fv2%2Fcomments&post=312"}],"version-history":[{"count":0,"href":"https:\/\/blog.lapecera.ch\/index.php?rest_route=\/wp\/v2\/posts\/312\/revisions"}],"wp:attachment":[{"href":"https:\/\/blog.lapecera.ch\/index.php?rest_route=%2Fwp%2Fv2%2Fmedia&parent=312"}],"wp:term":[{"taxonomy":"category","embeddable":true,"href":"https:\/\/blog.lapecera.ch\/index.php?rest_route=%2Fwp%2Fv2%2Fcategories&post=312"},{"taxonomy":"post_tag","embeddable":true,"href":"https:\/\/blog.lapecera.ch\/index.php?rest_route=%2Fwp%2Fv2%2Ftags&post=312"}],"curies":[{"name":"wp","href":"https:\/\/api.w.org\/{rel}","templated":true}]}}