{"id":310,"date":"2009-10-14T15:50:00","date_gmt":"2009-10-14T13:50:00","guid":{"rendered":"http:\/\/lapecera.ch\/?p=310"},"modified":"2009-10-14T15:50:00","modified_gmt":"2009-10-14T13:50:00","slug":"sin-unas-me-quedo-oye","status":"publish","type":"post","link":"https:\/\/blog.lapecera.ch\/?p=310","title":{"rendered":"Sin u\u00f1as me quedo, oye"},"content":{"rendered":"<p>El otro d\u00eda os contaba que hab\u00eda estado <a href=\"http:\/\/www.lapecera.ch\/2009\/10\/deal-with-entirely-silly-dabblers\" target=\"_blank\">persiguiendo a medio foro<\/a> para que se presentase a una beca para un curso de escritura que ofrece la Escuela Contempor\u00e1nea de Humanidades. El plazo se acab\u00f3 anteayer y ayer hicieron las \u00faltimas entrevistas a los rezagados: Alexia, Word Wizard&#8230; (Diana con el tel\u00e9fono apagado no se enter\u00f3 de que la hab\u00edan llamado T-T). Hoy estoy que me como las u\u00f1as porque dan los resultados&#8230; Vamos, ni que me hubiera presentado yo misma&#8230; En fin&#8230;<\/p>\n<p>El fin de semana pasado estuvimos con los padres de Christoph en el WestSide Shopping Center en Berna. Y s\u00ed, evidentemente me gast\u00e9 pelas. Con deciros que me dej\u00e9 100 francos en medias v.v pero oye, son muy buenas y gorditas para el invierno que acaba de llegar (\u00a1cagun la leche, qu\u00e9 fr\u00edo hace!). Este a\u00f1o no estoy dispuesta a renunciar a las faldas, \u00a1carayo!<\/p>\n<p><a href=\"http:\/\/www.lapecera.ch\/uploaded_images\/brocode-747876.jpg\" rel=\"example3\" title=\"The Bro Code\"><img decoding=\"async\" style=\"float:right; margin:0 0 10px 10px;cursor:pointer; cursor:hand;width: 133px; height: 200px;\" src=\"http:\/\/www.lapecera.ch\/uploaded_images\/brocode-747844.jpg\" border=\"0\" alt=\"\" \/><\/a>Como sigo buscando libros de autores alemanes que no se conozcan en Espa\u00f1a, me he comprado otros dos m\u00e1s xD aunque luego me di cuenta de que uno de ellos, &#8220;Der Wellenl\u00e4ufer&#8221; est\u00e1 publicado en Espa\u00f1a \u00ac\u00ac De momento sigo encallada en la p\u00e1gina 17 de &#8220;Der Erdbeerpfl\u00fccker&#8221; de Monika Feth, al mismo tiempo intento terminar de leer &#8220;Corto Malt\u00e9s. Mu&#8221; de Hugo Pratt, &#8220;Stardust&#8221; de Neil Gaiman y &#8220;Thirteen reasons why&#8221; (Por trece razones) de Jay Asher, que me compr\u00e9 anteayer porque me llam\u00f3 la atenci\u00f3n el argumento. Entre los dos que compr\u00e9 el s\u00e1bado, los tres del lunes y el que me he pedido por Exsila tengo seis libros nuevos v.v Y muy poquitas ganas de leer (al menos en alem\u00e1n, que en ingl\u00e9s voy cogiendo carrerilla)&#8230; <\/p>\n<p>Ayer, por primera vez en meses, estuve leyendo las Scanlations de Ouran High School Host Club y el cap\u00edtulo 74 me dej\u00f3 a cuadros&#8230; Por fin, se pone interesante la cosa *muajajaja* El problema es que en la edicion en papel voy por el tomo 13 y puede llegar a ser muy confuso leer las dos cosas al mismo tiempo xDD Tengo aparte que ponerme y seguir con &#8220;Skip Beat&#8221; que la tengo super abandonada o &#8220;Special A&#8221;, que me falta m\u00ednimo 50 capitulos por leer v.v o &#8220;Bokutachi wa Shitte Simatta&#8221; o&#8230; o&#8230; \u00a1Jez\u00fa, tengo tantas series empezadas! v.v<\/p>\n<p>En fin&#8230; por otro lado, Christoph y yo estamos acabando con la segunda temporada de &#8220;How I met your mother&#8221; y cada vez me rio m\u00e1s con esta gente xDD Aparte, he empezado a ver &#8220;Gossip Girl&#8221;, pero como a Chris no le gusta tengo que andar busc\u00e1ndome el tiempo pa poder verla \u00ac\u00ac Y tengo pendiente la segunda temporada de &#8220;The Big Bang Theory&#8221; *___________* Ya os contar\u00e9 \ud83d\ude42<\/p>\n<p>Y ahora os dejo porque tengo un meeting y luego ir\u00e9 a llorar a una esquinita porque hoy no voy a poder instalar (again) y mis tests se van a ir al carajo \u00ac\u00ac<\/p>\n<p>Con esto y un bizcocho&#8230; Besos<br \/>Cris<\/p>\n","protected":false},"excerpt":{"rendered":"<p>El otro d\u00eda os contaba que hab\u00eda estado persiguiendo a medio foro para que se presentase a una beca para un curso de escritura que ofrece la Escuela Contempor\u00e1nea de Humanidades. El plazo se acab\u00f3 anteayer y ayer hicieron las \u00faltimas entrevistas a los rezagados: Alexia, Word Wizard&#8230; (Diana con el tel\u00e9fono apagado no se [&hellip;]<\/p>\n","protected":false},"author":3,"featured_media":0,"comment_status":"open","ping_status":"closed","sticky":false,"template":"","format":"standard","meta":{"footnotes":""},"categories":[],"tags":[],"class_list":["post-310","post","type-post","status-publish","format-standard","hentry"],"_links":{"self":[{"href":"https:\/\/blog.lapecera.ch\/index.php?rest_route=\/wp\/v2\/posts\/310","targetHints":{"allow":["GET"]}}],"collection":[{"href":"https:\/\/blog.lapecera.ch\/index.php?rest_route=\/wp\/v2\/posts"}],"about":[{"href":"https:\/\/blog.lapecera.ch\/index.php?rest_route=\/wp\/v2\/types\/post"}],"author":[{"embeddable":true,"href":"https:\/\/blog.lapecera.ch\/index.php?rest_route=\/wp\/v2\/users\/3"}],"replies":[{"embeddable":true,"href":"https:\/\/blog.lapecera.ch\/index.php?rest_route=%2Fwp%2Fv2%2Fcomments&post=310"}],"version-history":[{"count":0,"href":"https:\/\/blog.lapecera.ch\/index.php?rest_route=\/wp\/v2\/posts\/310\/revisions"}],"wp:attachment":[{"href":"https:\/\/blog.lapecera.ch\/index.php?rest_route=%2Fwp%2Fv2%2Fmedia&parent=310"}],"wp:term":[{"taxonomy":"category","embeddable":true,"href":"https:\/\/blog.lapecera.ch\/index.php?rest_route=%2Fwp%2Fv2%2Fcategories&post=310"},{"taxonomy":"post_tag","embeddable":true,"href":"https:\/\/blog.lapecera.ch\/index.php?rest_route=%2Fwp%2Fv2%2Ftags&post=310"}],"curies":[{"name":"wp","href":"https:\/\/api.w.org\/{rel}","templated":true}]}}