{"id":309,"date":"2009-10-09T12:31:00","date_gmt":"2009-10-09T10:31:00","guid":{"rendered":"http:\/\/lapecera.ch\/?p=309"},"modified":"2009-10-09T12:31:00","modified_gmt":"2009-10-09T10:31:00","slug":"id-preparando-los-trastos","status":"publish","type":"post","link":"https:\/\/blog.lapecera.ch\/?p=309","title":{"rendered":"Id preparando los trastos&#8230;"},"content":{"rendered":"<p>&#8230; porque la mundialmente famosa Cena Internacional tendr\u00e1 lugar el 2 de enero en casa de Emma (probablemente, a no ser que alg\u00fan otro ofrezca su cocina y su sal\u00f3n en sacrificio a los dioses de la comida internacional).<\/p>\n<p><img decoding=\"async\" style=\"float:left; margin:0 10px 10px 0;cursor:pointer; cursor:hand;width: 200px; height: 134px;\" src=\"http:\/\/www.lapecera.ch\/uploaded_images\/paper_plane___I_by_quelquechose-722736.jpg\" border=\"0\" alt=\"\" \/>Ayer nos gastamos nuestros buenos 1000 francos en dos vuelos directos a Asturias v\u00eda Mallorca con Air Berlin. Era eso o 600 francos de Easyjet y viajar el d\u00eda de la vuelta de noche para poder coger el avi\u00f3n a las 10 de la ma\u00f1ana en Madrid v.v Mi se\u00f1or contrario y esta menda estaremos en Oviedo y alrededores entre el d\u00eda 30 de diciembre y el 9 de enero. Vayan ustedes tomando nota, que luego no se diga que no avis\u00e9 con tiempo.<\/p>\n<p>Lo que a\u00fan no s\u00e9 es cu\u00e1l ser\u00e1 el tema de la cena de este a\u00f1o, pero ya estoy trabajando en ello, buscando recetas y esas cosas&#8230; En el peor de los casos, comemos hamburguesas en plan americano \ud83d\ude42 Como sigamos as\u00ed dentro de nada se me acabar\u00e1n los paises conocidos y tendr\u00e9 que empezar a buscar cosas raras como comida camboyana o vietnamita xDD<\/p>\n<p>Aparte, ayer me lo compr\u00e9 y ya es m\u00edo y ya lo he escuchado y ten\u00e9is una canci\u00f3n en el player de la web: el nuevo disco de Brandi Carlile, &#8220;Give up the ghost&#8221; *__________* \u00a1Es genial! Espero que vuelva pronto a Suiza&#8230; Como siga as\u00ed, me convertir\u00e9 en una groupie, jez\u00fa xDD pero merece la pena \ud83d\ude42<\/p>\n<p>Y ya por \u00faltimo: \u00bfqu\u00e9 carajo ha hecho el Obama para ser merecedor del Premio Nobel de la Paz? Hablar habla mucho, pero pr\u00e1cticamente no le ha dao tiempo a hacer nada. Y el &#8220;Yes, we can&#8221; no es tan meritorio, al menos, no para \u00e9l (m\u00e1s bien, para su marketing manager de la campa\u00f1a). \u00bfO es que el cambio entre Bush y Obama ha sido tan radical y abrumador que les ha provocado un cortocircuito a los suecos encargados de valorar qui\u00e9n se lleva el premio (y las pelas)? Vamos, el tipo tiene carisma, pero&#8230; ya me dir\u00e9is&#8230;<\/p>\n<p>En fin&#8230; me voy a comer ya, que tengo hambre y un mont\u00f3n de cosas todav\u00eda por hacer (desde que llegu\u00e9 hoy no he dao ni golpe, como se nota que es viernes).<\/p>\n<p>Con esto y un bizcocho&#8230; Besos<br \/>Cris<\/p>\n<p>PS: Por cierto, pod\u00e9is llamarme loca, pero si el tiempo y la imaginaci\u00f3n me da para ello, me presentar\u00e9 antes del 30 de noviembre al concurso de relatos cortos <a href=\"http:\/\/www.blick.ch\/blickamabend\/schreiben\" target=\"_blank\">Sehnsucht<\/a> que organizan Blick am Abend y Thalia. Y s\u00ed, tengo que escribir en alem\u00e1n, un m\u00e1ximo de 4000 palabras. Espero encontrar aqu\u00ed un poquito m\u00e1s de entusiasmo que el que me encontr\u00e9 en casa \u00ac\u00ac <br \/>PS2: Pregunta: \u00bfqu\u00e9 escribir\u00edais vosotros para ese tema? fO.o<\/p>\n","protected":false},"excerpt":{"rendered":"<p>&#8230; porque la mundialmente famosa Cena Internacional tendr\u00e1 lugar el 2 de enero en casa de Emma (probablemente, a no ser que alg\u00fan otro ofrezca su cocina y su sal\u00f3n en sacrificio a los dioses de la comida internacional). Ayer nos gastamos nuestros buenos 1000 francos en dos vuelos directos a Asturias v\u00eda Mallorca con [&hellip;]<\/p>\n","protected":false},"author":3,"featured_media":0,"comment_status":"open","ping_status":"closed","sticky":false,"template":"","format":"standard","meta":{"footnotes":""},"categories":[],"tags":[],"class_list":["post-309","post","type-post","status-publish","format-standard","hentry"],"_links":{"self":[{"href":"https:\/\/blog.lapecera.ch\/index.php?rest_route=\/wp\/v2\/posts\/309","targetHints":{"allow":["GET"]}}],"collection":[{"href":"https:\/\/blog.lapecera.ch\/index.php?rest_route=\/wp\/v2\/posts"}],"about":[{"href":"https:\/\/blog.lapecera.ch\/index.php?rest_route=\/wp\/v2\/types\/post"}],"author":[{"embeddable":true,"href":"https:\/\/blog.lapecera.ch\/index.php?rest_route=\/wp\/v2\/users\/3"}],"replies":[{"embeddable":true,"href":"https:\/\/blog.lapecera.ch\/index.php?rest_route=%2Fwp%2Fv2%2Fcomments&post=309"}],"version-history":[{"count":0,"href":"https:\/\/blog.lapecera.ch\/index.php?rest_route=\/wp\/v2\/posts\/309\/revisions"}],"wp:attachment":[{"href":"https:\/\/blog.lapecera.ch\/index.php?rest_route=%2Fwp%2Fv2%2Fmedia&parent=309"}],"wp:term":[{"taxonomy":"category","embeddable":true,"href":"https:\/\/blog.lapecera.ch\/index.php?rest_route=%2Fwp%2Fv2%2Fcategories&post=309"},{"taxonomy":"post_tag","embeddable":true,"href":"https:\/\/blog.lapecera.ch\/index.php?rest_route=%2Fwp%2Fv2%2Ftags&post=309"}],"curies":[{"name":"wp","href":"https:\/\/api.w.org\/{rel}","templated":true}]}}