{"id":308,"date":"2009-10-08T12:15:00","date_gmt":"2009-10-08T10:15:00","guid":{"rendered":"http:\/\/lapecera.ch\/?p=308"},"modified":"2009-10-08T12:15:00","modified_gmt":"2009-10-08T10:15:00","slug":"deal-with-entirely-silly-dabblers","status":"publish","type":"post","link":"https:\/\/blog.lapecera.ch\/?p=308","title":{"rendered":"(D)eal with (E)ntirely si(LL)y dabblers"},"content":{"rendered":"<p>Prometo solemnemente nunca m\u00e1s volver a comprar un ordenador, port\u00e1til, c\u00e1mara, aparato electr\u00f3nico en www.dell.com. NEVER EVER AGAIN!<\/p>\n<p><img decoding=\"async\" style=\"float:right; margin:0 0 10px 10px;width: 200px; height: 105px;\" src=\"http:\/\/www.lapecera.ch\/uploaded_images\/kaigard-722470.png\" border=\"0\" alt=\"\" \/>Tengo un port\u00e1til con apenas un a\u00f1o por el que pagu\u00e9 1600 francos para conseguirlo con las prestaciones que necesitaba y \u00bfqu\u00e9 ha pasado? Que se ha jodido la tarjeta gr\u00e1fica, justo lo que no necesito para nada y que me sirve una cualquiera. El caso es que he llamado a DELL, primero el lunes donde me dijeron que por 200 francos podr\u00eda comprarme un a\u00f1o m\u00e1s de servicio y me mandar\u00edan al t\u00e9cnico a casa y blablabla. Al d\u00eda siguiente llam\u00e9 de nuevo porque, uno, no hab\u00eda recibido la confirmaci\u00f3n y, dos, quer\u00eda avisar que mi ordenador no tiene Vista, sino Ubuntu instalado, y \u00bfqu\u00e9 me dice el tipo del support? Que no me pueden vender un a\u00f1o m\u00e1s de servicio porque no saben si el ordenador funciona y que por eso mi pedido no se podr\u00eda procesar. Pero lo que pasa es que en DELL como en muchas otras partes la mano derecha no sabe lo que hace la izquierda y ayer me lleg\u00f3 la confirmaci\u00f3n de mi pedido. \u00a1Chachi! As\u00ed que ante la duda de si es o no posible, he decidido mandarlos a freir esp\u00e1rragos y salirme por la tangente. Le he llamado y les he pedido que lo cancelen todo. Me hizo gracia la pregunta del tipo de Support: &#8220;Entonces, \u00bfno quiere que le arreglemos el ordenador?&#8221;, evidentemente bajo estas circunstancias, NO, gracias, prefiero gastarme los 200 francos en un ordenador que funcione \u00ac\u00ac<\/p>\n<p>En fin, aparte tengo un mont\u00f3n de cosas: como por ejemplo que estuve el lunes y el martes con catarro en casa, pero trabajando porque en el fondo no estaba TAN mala (simplemente no me daba la gana de ir a Zurich). El trabajo sigue igual y amenaza con comerme del todo este fin de semana que me toca pringar, incluido el domingo (lo bueno, es que lo que trabaje el domingo, pagar\u00e1 el nuevo ordenador, \u00a1ja!). <\/p>\n<p>Estos \u00faltimos dos d\u00edas me he dedicado a perseguir a la gente del foro de Madrid de entre 16 y 18 a\u00f1os para que se presentasen a esta <a target=\"_blank\" href=\"http:\/\/www.ech.es\/junior\/detalle\/55\/conservatorio-de-letras-para-jovenes\/\">beca<\/a>. Si Diana no se ha presentado todav\u00eda, la perseguir\u00e9 todav\u00eda m\u00e1s&#8230; Sin descanso hasta el d\u00eda 12 *muajajajaja*<\/p>\n<p>A ra\u00edz de un par de conservaciones con Marinuska y Rosa, me decid\u00ed a rescatar ese proyecto perdido nuestro conocido como &#8220;Historia de Fantasia Medieval Encadenada&#8221;, gracias al cual conozco a gente tan guay (y ahora llega Jorge y habla de los hombres de higados xDD). Por eso, y porque necesito volver a escribir algo aunque no sea m\u00edo, he creado un blog para ir colgando poco a poco las 137 p\u00e1ginas de HE que ten\u00edamos cuando el proyecto qued\u00f3 abandonado (por ambicioso, porque se nos fue de las manos y no supimos domarlo, y por falta de tiempo, supongo). Os invito a pasaros por <a href=\"http:\/\/kaigard.lapecera.ch\" target=\"_blank\">Cr\u00f3nicas de Kaigard<\/a> y comentar qu\u00e9 os parece \ud83d\ude09<\/p>\n<p>Por otro lado, la historia de &#8220;En Basel&#8221; resurgir\u00e1 poco a poco de sus cenizas. Las ideas vuelven a su sitio, as\u00ed como las reconsideraciones que necesitaba para poder llevarla a cabo&#8230; Estoy a un e-mail de conseguir la informaci\u00f3n necesaria. Os mantendr\u00e9 informados. <\/p>\n<p>Y nada, por hoy vale, porque me estoy muriendo de hambre y luego tengo que volver y seguir trabajando como una imb\u00e9cil \u00ac\u00ac<\/p>\n<p>Con esto y un bizcocho&#8230; Besos<br \/>Cris<\/p>\n","protected":false},"excerpt":{"rendered":"<p>Prometo solemnemente nunca m\u00e1s volver a comprar un ordenador, port\u00e1til, c\u00e1mara, aparato electr\u00f3nico en www.dell.com. NEVER EVER AGAIN! Tengo un port\u00e1til con apenas un a\u00f1o por el que pagu\u00e9 1600 francos para conseguirlo con las prestaciones que necesitaba y \u00bfqu\u00e9 ha pasado? Que se ha jodido la tarjeta gr\u00e1fica, justo lo que no necesito para [&hellip;]<\/p>\n","protected":false},"author":3,"featured_media":0,"comment_status":"open","ping_status":"closed","sticky":false,"template":"","format":"standard","meta":{"footnotes":""},"categories":[],"tags":[],"class_list":["post-308","post","type-post","status-publish","format-standard","hentry"],"_links":{"self":[{"href":"https:\/\/blog.lapecera.ch\/index.php?rest_route=\/wp\/v2\/posts\/308","targetHints":{"allow":["GET"]}}],"collection":[{"href":"https:\/\/blog.lapecera.ch\/index.php?rest_route=\/wp\/v2\/posts"}],"about":[{"href":"https:\/\/blog.lapecera.ch\/index.php?rest_route=\/wp\/v2\/types\/post"}],"author":[{"embeddable":true,"href":"https:\/\/blog.lapecera.ch\/index.php?rest_route=\/wp\/v2\/users\/3"}],"replies":[{"embeddable":true,"href":"https:\/\/blog.lapecera.ch\/index.php?rest_route=%2Fwp%2Fv2%2Fcomments&post=308"}],"version-history":[{"count":0,"href":"https:\/\/blog.lapecera.ch\/index.php?rest_route=\/wp\/v2\/posts\/308\/revisions"}],"wp:attachment":[{"href":"https:\/\/blog.lapecera.ch\/index.php?rest_route=%2Fwp%2Fv2%2Fmedia&parent=308"}],"wp:term":[{"taxonomy":"category","embeddable":true,"href":"https:\/\/blog.lapecera.ch\/index.php?rest_route=%2Fwp%2Fv2%2Fcategories&post=308"},{"taxonomy":"post_tag","embeddable":true,"href":"https:\/\/blog.lapecera.ch\/index.php?rest_route=%2Fwp%2Fv2%2Ftags&post=308"}],"curies":[{"name":"wp","href":"https:\/\/api.w.org\/{rel}","templated":true}]}}