{"id":307,"date":"2009-09-29T14:58:00","date_gmt":"2009-09-29T12:58:00","guid":{"rendered":"http:\/\/lapecera.ch\/?p=307"},"modified":"2009-09-29T14:58:00","modified_gmt":"2009-09-29T12:58:00","slug":"fair-or-unfair","status":"publish","type":"post","link":"https:\/\/blog.lapecera.ch\/?p=307","title":{"rendered":"Fair or unfair?"},"content":{"rendered":"<p>Supongo que los medios de comunicaci\u00f3n en Espa\u00f1a tambi\u00e9n se han hecho eco de la noticia sobre la detenci\u00f3n en Z\u00fcrich de Roman Polanski. Supongo que todos sab\u00e9is que sobre Polanski pesa una orden de b\u00fasqueda desde el 78 cuando escap\u00f3 de los Estados Unidos tras ser acusado de haber tenido sexo con una menor (trece a\u00f1os ten\u00eda la criatura, lo que todav\u00eda no s\u00e9 es si fue consentido o no fO.o).<\/p>\n<p><a href=\"http:\/\/www.lapecera.ch\/uploaded_images\/JusticeLeague_cover_3-733561.jpg\" rel=\"example3\"><img decoding=\"async\" style=\"FLOAT: left; MARGIN: 0px 10px 10px 0px; WIDTH: 200px; CURSOR: hand; HEIGHT: 172px\" alt=\"\" src=\"http:\/\/www.lapecera.ch\/uploaded_images\/JusticeLeague_cover_3-733542.jpg\" border=\"0\" \/><\/a>El caso es que la detenci\u00f3n ha levantado ampollas. Por un lado est\u00e1n sus compa\u00f1eros de profesi\u00f3n, entre ellos nuestro &#8220;querido&#8221; Pedro Almodovar, clamando al cielo porque por muy malo que fuese lo que hizo en el 78, es un gran director de cine, es un genio del s\u00e9ptimo arte y blablabla, como si eso fueran m\u00e9ritos para ser mejor persona&#8230; Tambi\u00e9n hay juristas y abogados que consideran que el se\u00f1or Polanski ya ha pagado todos estos a\u00f1os por su error siendo perseguido por los Estados Unidos (dicho esto por un abogado suizo), como si el hombre hubiese tenido que esconderse en el underground para no ser encontrado&#8230; Y por otro lado, est\u00e1 la mayor parte de la poblaci\u00f3n que considera la decisi\u00f3n acertada. Despu\u00e9s de todo, sigo considerando que el tipo tiene un morro que se lo pisa y es m\u00e1s listo que el hambre porque siempre ha evitado paises donde pudiese ser capturado y deportado, y aunque ya ha estado en Suiza m\u00e1s veces \u2014es un habitual de las fiestas de pijos de Gstaad\u2014, esta vez los investigadores americanos sab\u00edan que ven\u00eda y pudieron planearlo todo (*muajajajaja*).<\/p>\n<p>En fin, comento el tema porque me ha llamado la atenci\u00f3n el boom medi\u00e1tico que ha provocado, al menos en Suiza, donde andan tirandose los trastos los unos a otros. Y yo me pregunto: si fueron capaces de llevarse detenido al se\u00f1or Hannibal Al-Gaddafi, \u00bfpor qu\u00e9 deber\u00edan haber hecho una excepci\u00f3n con este otro se\u00f1or? \u00bfNo se supone que somos todos iguales ante la ley (bonita utop\u00eda esta, \u00bfno?)? \u00bfQu\u00e9 opin\u00e1is vosotros del tema?<\/p>\n<p>Y na, os dejo de momento&#8230; Hoy vamos a darle la despedida a Ashwini y un regalito, porque de momento debe dejar de trabajar hasta que sepa si le renuevan el permiso de trabajo; si no lo hacen, tendr\u00e1 que volverse a la India, not fair!! T___T Estamos todos con los dedos cruzados&#8230; \u00a1Queremos que se quede!<\/p>\n<p>Os voy dejando, aunque hoy por primera vez desde hace semanas tengo el d\u00eda tranquilo, fiuuuu&#8230;<\/p>\n<p>Con esto y un bizcocho&#8230; Besos<br \/>Cris<\/p>\n","protected":false},"excerpt":{"rendered":"<p>Supongo que los medios de comunicaci\u00f3n en Espa\u00f1a tambi\u00e9n se han hecho eco de la noticia sobre la detenci\u00f3n en Z\u00fcrich de Roman Polanski. Supongo que todos sab\u00e9is que sobre Polanski pesa una orden de b\u00fasqueda desde el 78 cuando escap\u00f3 de los Estados Unidos tras ser acusado de haber tenido sexo con una menor [&hellip;]<\/p>\n","protected":false},"author":3,"featured_media":0,"comment_status":"open","ping_status":"closed","sticky":false,"template":"","format":"standard","meta":{"footnotes":""},"categories":[],"tags":[],"class_list":["post-307","post","type-post","status-publish","format-standard","hentry"],"_links":{"self":[{"href":"https:\/\/blog.lapecera.ch\/index.php?rest_route=\/wp\/v2\/posts\/307","targetHints":{"allow":["GET"]}}],"collection":[{"href":"https:\/\/blog.lapecera.ch\/index.php?rest_route=\/wp\/v2\/posts"}],"about":[{"href":"https:\/\/blog.lapecera.ch\/index.php?rest_route=\/wp\/v2\/types\/post"}],"author":[{"embeddable":true,"href":"https:\/\/blog.lapecera.ch\/index.php?rest_route=\/wp\/v2\/users\/3"}],"replies":[{"embeddable":true,"href":"https:\/\/blog.lapecera.ch\/index.php?rest_route=%2Fwp%2Fv2%2Fcomments&post=307"}],"version-history":[{"count":0,"href":"https:\/\/blog.lapecera.ch\/index.php?rest_route=\/wp\/v2\/posts\/307\/revisions"}],"wp:attachment":[{"href":"https:\/\/blog.lapecera.ch\/index.php?rest_route=%2Fwp%2Fv2%2Fmedia&parent=307"}],"wp:term":[{"taxonomy":"category","embeddable":true,"href":"https:\/\/blog.lapecera.ch\/index.php?rest_route=%2Fwp%2Fv2%2Fcategories&post=307"},{"taxonomy":"post_tag","embeddable":true,"href":"https:\/\/blog.lapecera.ch\/index.php?rest_route=%2Fwp%2Fv2%2Ftags&post=307"}],"curies":[{"name":"wp","href":"https:\/\/api.w.org\/{rel}","templated":true}]}}