{"id":304,"date":"2009-09-17T09:00:00","date_gmt":"2009-09-17T07:00:00","guid":{"rendered":"http:\/\/lapecera.ch\/?p=304"},"modified":"2009-09-17T09:00:00","modified_gmt":"2009-09-17T07:00:00","slug":"la-muneca-de-kafka","status":"publish","type":"post","link":"https:\/\/blog.lapecera.ch\/?p=304","title":{"rendered":"La mu\u00f1eca de Kafka"},"content":{"rendered":"<p><a href=\"http:\/\/www.lapecera.ch\/uploaded_images\/photo-744632-744672.jpg\" rel=\"example3\"><img decoding=\"async\" alt=\"\" src=\"http:\/\/www.lapecera.ch\/uploaded_images\/photo-744632-744668.jpg\" border=\"0\" \/><\/a><\/p>\n<p>\u00bfSab\u00edais que hay un autor alem\u00e1n que tiene un libro titulado &#8220;La mu\u00f1eca de Kafka&#8221; que trata de lo mismito que el libro de Jordi Sierra i Fabra, &#8220;Kafka y la mu\u00f1eca viajera&#8221;? \u00a1Interesante!, \u00bfno? fO.o<\/p>\n<p>Con esto y un bizcocho&#8230; Besos<br \/>Cris<\/p>\n","protected":false},"excerpt":{"rendered":"<p>\u00bfSab\u00edais que hay un autor alem\u00e1n que tiene un libro titulado &#8220;La mu\u00f1eca de Kafka&#8221; que trata de lo mismito que el libro de Jordi Sierra i Fabra, &#8220;Kafka y la mu\u00f1eca viajera&#8221;? \u00a1Interesante!, \u00bfno? fO.o Con esto y un bizcocho&#8230; BesosCris<\/p>\n","protected":false},"author":3,"featured_media":0,"comment_status":"open","ping_status":"closed","sticky":false,"template":"","format":"standard","meta":{"footnotes":""},"categories":[],"tags":[],"class_list":["post-304","post","type-post","status-publish","format-standard","hentry"],"_links":{"self":[{"href":"https:\/\/blog.lapecera.ch\/index.php?rest_route=\/wp\/v2\/posts\/304","targetHints":{"allow":["GET"]}}],"collection":[{"href":"https:\/\/blog.lapecera.ch\/index.php?rest_route=\/wp\/v2\/posts"}],"about":[{"href":"https:\/\/blog.lapecera.ch\/index.php?rest_route=\/wp\/v2\/types\/post"}],"author":[{"embeddable":true,"href":"https:\/\/blog.lapecera.ch\/index.php?rest_route=\/wp\/v2\/users\/3"}],"replies":[{"embeddable":true,"href":"https:\/\/blog.lapecera.ch\/index.php?rest_route=%2Fwp%2Fv2%2Fcomments&post=304"}],"version-history":[{"count":0,"href":"https:\/\/blog.lapecera.ch\/index.php?rest_route=\/wp\/v2\/posts\/304\/revisions"}],"wp:attachment":[{"href":"https:\/\/blog.lapecera.ch\/index.php?rest_route=%2Fwp%2Fv2%2Fmedia&parent=304"}],"wp:term":[{"taxonomy":"category","embeddable":true,"href":"https:\/\/blog.lapecera.ch\/index.php?rest_route=%2Fwp%2Fv2%2Fcategories&post=304"},{"taxonomy":"post_tag","embeddable":true,"href":"https:\/\/blog.lapecera.ch\/index.php?rest_route=%2Fwp%2Fv2%2Ftags&post=304"}],"curies":[{"name":"wp","href":"https:\/\/api.w.org\/{rel}","templated":true}]}}