{"id":301,"date":"2009-09-07T19:05:00","date_gmt":"2009-09-07T17:05:00","guid":{"rendered":"http:\/\/lapecera.ch\/?p=301"},"modified":"2009-09-07T19:05:00","modified_gmt":"2009-09-07T17:05:00","slug":"terminator-in-stand-by","status":"publish","type":"post","link":"https:\/\/blog.lapecera.ch\/?p=301","title":{"rendered":"Terminator in Stand-by"},"content":{"rendered":"<p>Imaginaos una expedici\u00f3n a la Antartida y toda la gente que participa en ella. Pues casi os pod\u00e9is imaginar el grupo de monta\u00f1eros que nos juntamos el s\u00e1bado en Berg\u00fcn para subir a la Keschh\u00fctte a celebrar la boda de Silvie y Sebastian.<\/p>\n<p>Bueno, vale, la comparaci\u00f3n es quiz\u00e1 un poco exagerada, pero es que \u00e9ramos 41, incluyendo a 9 ni\u00f1os y un perro xD El Wanderung no era especialmente dif\u00edcil, salvo quiz\u00e1 porque la mayor parte del camino era cuesta arriba, pero lo pasamos genial. Originalmente y seg\u00fan el plan el camino hasta la H\u00fctte duraba dos horas y media, pero entre los ni\u00f1os y las pausas de los no-tan-ni\u00f1os echamos casi cuatro. El paisaje era espectacular, as\u00ed que no nos importo echar mas o menos tiempo xD En la caba\u00f1a nos esperaba caf\u00e9 y postre y pudimos charlar as\u00ed con el resto de participantes que no conoc\u00edamos (aparte de los mundialmente conocidos miembros del Lunchgroup, claro).<\/p>\n<p>A eso de las seis antes de que sirvieran la cena salimos a buscar  el cache que hab\u00edamos planificado buscar. \u00c9ramos los primeros que lo buscaban. La partida de b\u00fasqueda estaba compuesta por muggles y cachers. Y echamos media hora en encontrar la maldita &#8220;querliegende Tarnstein&#8221; que dec\u00eda la pista. Al final fue Matti (el marido de Caroline), el que la encontr\u00f3 xD Fue superdivertido y descubr\u00ed que  el GPS de mi iPhone funciona tambi\u00e9n cuando no hay cobertura, pensaba que la necesitaba, pero no&#8230; Luego cenamos todos juntos y a eso de las 9 o as\u00ed Silvie nos trajo unos globos hechos de papel a los que se les enciende abajo una mecha y cuando el aire se calienta bien, puedes soltarlos. Nuestra tarea era escribir en los globos uestros deseos. A m\u00ed no se me ocurri\u00f3 nada especial para escribir en espa\u00f1ol, yo y mi potencial creativo v.v En fin&#8230; El caso es que echarlos a volar result\u00f3 una tarea bastante mas complicada que encontrar las palabras adecuadas porque fuera hacia aire y fr\u00edo del cop\u00f3n T-T Hacia tanto fr\u00edo que, cuando entre de nuevo en la caba\u00f1a, ten\u00eda disnea, mirat\u00fa. La idea original era echarlos todos a volar al mismo tiempo, pero el aire lo imposibilit\u00f3, as\u00ed que despu\u00e9s de notar las dificultades que conllevaba encender la mecha, nos organizamos (o mejor se organizaron porque yo volvi pitando pa dentro en cuanto mi globo salio volando) y se &#8220;creo&#8221; el equipo de los mecheros -aka los que los encend\u00edan-, el de los transportistas -aka los que llevaban el globo hasta la &#8220;lanzadera&#8221;- y el de los despegadores -aka los que con mucho cuidado y paciencia consegu\u00edan que el globo volase finalmente. Un par de globos subieron tanto que pasaron por encima de la monta\u00f1a que se ve\u00eda desde la caba\u00f1a que tenia mas de 3000 metros, luego el viento cambio de direccion y el resto se fueron valle abajo. Salvo por el fr\u00edo estuvo genial la idea xD<\/p>\n<p>Al d\u00eda siguiente, despu\u00e9s de una mala noche de sue\u00f1o, cosa bastante com\u00fan en una SAC-H\u00fctte, desayunamos y nos preparamos para la ruta de vuelta. Mientras esper\u00e1bamos a que salieran todos, yo con mis cinco capas de camisetas y chaquetas y los brazos cruzados estaba intentando convencer a mis piernas de que una sola capa no era tan poco como ellas cre\u00edan, cuando Matti me salta desde donde estaba sentado un par de metros frente a mi: &#8220;Cristina, asi tan seria y con las gafas de sol pareces Terminator en Stand-by modus&#8221;. Casi me atraganto del ataque de risa que me dio xDDDD Al poco salieron todos y despu\u00e9s de una foto de grupo nos pusimos en camino. Mas c\u00f3modo que el del d\u00eda anterior porque era casi siempre cuesta abajo, con unos lagos preciosos por el camino y un par de marmotas. A las 13:47 ya estabamos de vuelta en Berg\u00fcn montados en el tren de camino a casa. Mala suerte tuvieron los que fueron en coche porque por moivo del Slow&#8217;up la carretera estaba cerrada en ambas direcciones y tuviero que esperar hasta las cinco y media. Especialmente sangrante el caso de la familia austriaca que con tres ni\u00f1os cogieron el camino corto para poder irse pronto de vuelta a Viena y tuvieron que esperar como todos hasta las 5 porque la polic\u00eda no pod\u00eda hacer excepciones por si luego se le apetec\u00eda pasar a todo el mundo. Llegaron a Viena a la una y media de la ma\u00f1ana. En fin&#8230;<\/p>\n<p>Las fotos todav\u00eda no las he mirado, estaba tan cansada que apenas si saque mis cosas de la mochila y las esparc\u00ed por el suelo. La c\u00e1mara sigue, de hecho, enganchada a la mochila xD pero he tenido oportunidad de ver las de Silvie y molan, si. Ma\u00f1ana tengo que pedirle una copia. Las mias mirare a ver si en los pr\u00f3ximos d\u00edas las subo a Picasa y ya edito luego con el link.<\/p>\n<p>Y ahora os dejo que estamos llegando a Olten.<\/p>\n<p>Con esto y un bizcocho&#8230; Besos<br \/>Cris<\/p>\n<p>PS: A partir de este fin de semana &#8220;Lost+Found&#8221; ser\u00e1 conocido como &#8220;Matti+Caro&#8221; porque fueron encontrando y recogiendo todo lo que la gente de la excursi\u00f3n se fue dejando por el camino xDD<\/p>\n","protected":false},"excerpt":{"rendered":"<p>Imaginaos una expedici\u00f3n a la Antartida y toda la gente que participa en ella. Pues casi os pod\u00e9is imaginar el grupo de monta\u00f1eros que nos juntamos el s\u00e1bado en Berg\u00fcn para subir a la Keschh\u00fctte a celebrar la boda de Silvie y Sebastian. Bueno, vale, la comparaci\u00f3n es quiz\u00e1 un poco exagerada, pero es que [&hellip;]<\/p>\n","protected":false},"author":3,"featured_media":0,"comment_status":"open","ping_status":"closed","sticky":false,"template":"","format":"standard","meta":{"footnotes":""},"categories":[],"tags":[],"class_list":["post-301","post","type-post","status-publish","format-standard","hentry"],"_links":{"self":[{"href":"https:\/\/blog.lapecera.ch\/index.php?rest_route=\/wp\/v2\/posts\/301","targetHints":{"allow":["GET"]}}],"collection":[{"href":"https:\/\/blog.lapecera.ch\/index.php?rest_route=\/wp\/v2\/posts"}],"about":[{"href":"https:\/\/blog.lapecera.ch\/index.php?rest_route=\/wp\/v2\/types\/post"}],"author":[{"embeddable":true,"href":"https:\/\/blog.lapecera.ch\/index.php?rest_route=\/wp\/v2\/users\/3"}],"replies":[{"embeddable":true,"href":"https:\/\/blog.lapecera.ch\/index.php?rest_route=%2Fwp%2Fv2%2Fcomments&post=301"}],"version-history":[{"count":0,"href":"https:\/\/blog.lapecera.ch\/index.php?rest_route=\/wp\/v2\/posts\/301\/revisions"}],"wp:attachment":[{"href":"https:\/\/blog.lapecera.ch\/index.php?rest_route=%2Fwp%2Fv2%2Fmedia&parent=301"}],"wp:term":[{"taxonomy":"category","embeddable":true,"href":"https:\/\/blog.lapecera.ch\/index.php?rest_route=%2Fwp%2Fv2%2Fcategories&post=301"},{"taxonomy":"post_tag","embeddable":true,"href":"https:\/\/blog.lapecera.ch\/index.php?rest_route=%2Fwp%2Fv2%2Ftags&post=301"}],"curies":[{"name":"wp","href":"https:\/\/api.w.org\/{rel}","templated":true}]}}