{"id":300,"date":"2009-09-03T18:57:00","date_gmt":"2009-09-03T16:57:00","guid":{"rendered":"http:\/\/lapecera.ch\/?p=300"},"modified":"2009-09-03T18:57:00","modified_gmt":"2009-09-03T16:57:00","slug":"como-te-iba-diciendo","status":"publish","type":"post","link":"https:\/\/blog.lapecera.ch\/?p=300","title":{"rendered":"Como te iba diciendo"},"content":{"rendered":"<p>Hoy he descubierto que, si despu\u00e9s de &#8220;como te iba diciendo&#8221;, a\u00f1ades &#8220;la vaca que iba a vender ya no la vendo&#8221;, estas usando un wellerismo y que existe en todas las lenguas. Que sea algo popular se lo debemos al se\u00f1or Charles Dickens, mirat\u00fa. Me he enterado de casualidad, cuando mi compa\u00f1ero Grant ha soltado: &#8220;I see, said the blind man (to his deaf dog, and he picked up his hammer and saw)&#8221; xDD \u00a1Nunca te acostaras sin saber una cosa mas!<\/p>\n<p>Esta semana esta siendo sensacionalmente intensa y solo de pensar en la que me espera la semana que viene, se me apetece quedarme el domingo en la monta\u00f1a con las cabras. Y al final de mes, el curso, \u00a1ay, se\u00f1or m\u00edo!<\/p>\n<p>Ayer a la hora de la comida Silvie y yo nos fuimos a cazar tesoros (=caches) y encontramos una &#8220;travel coin&#8221;. Este fin de semana nos vamos con ellos al monte a celebrar su boda (si, pa frikis ellos xD). Cerca de la H\u00fctte donde vamos a dormir hay un cache: voy a pedirle a Christoph que lo carge en el GPS, jujuju<\/p>\n<p>\u00bfY qu\u00e9 m\u00e1s? Estoy leyendo un libro sobre adolescentes descerebradas y superficiales despu\u00e9s de haber visto la pel\u00edcula que se basaba en \u00e9l. A lo mejor es que ya soy as\u00ed como mayor o que yo no tuve uno catorce a\u00f1os en los que pensaba que el mundo giraba a mi alrededor, pero el libro no se lo recomiendo a nadie v.v Aparte, me he comprado otros libros: dos de Melisa Nathan, autora de &#8220;Persuading Annie&#8221;, otro que vi en el foro, &#8220;The Name of the wind&#8221; y otro que me recomendaron en la librer\u00eda cuando fui a encargar &#8220;Beastly&#8221;, &#8220;The prophecy of the sisters&#8221;. Ya os contar\u00e9.<\/p>\n<p>Aparte ayer me compre el nuevo disco de A Fine Frenzy y hoy me mandaron un e-mail para decirme que no hab\u00eda ganado entradas para el concierto que la ni\u00f1a da en el Kaufleuten ma\u00f1ana, \u00a1snif! Y el d\u00eda 11 sale lo nuevo de Nelly Furtado que promete un poquito mas que su ultimo disco, aunque sea en espa\u00f1ol y lo cante tan raro. Yy en octubre sale lo nuevo de Brandi Carlile *____* \u00a1Qu\u00e9 ganas! <\/p>\n<p>Y os voy dejando que estoy llegando a Olten y todav\u00eda tengo que ir a comprar una tarjeta para Silvie y llegar a casa para poneme con la colada&#8230; \u00a1Dios, qu\u00e9 dura es la vida de la mujer trabajadora!<\/p>\n<p>Con esto y un bizcocho&#8230; Besos<br \/>Cris<\/p>\n","protected":false},"excerpt":{"rendered":"<p>Hoy he descubierto que, si despu\u00e9s de &#8220;como te iba diciendo&#8221;, a\u00f1ades &#8220;la vaca que iba a vender ya no la vendo&#8221;, estas usando un wellerismo y que existe en todas las lenguas. Que sea algo popular se lo debemos al se\u00f1or Charles Dickens, mirat\u00fa. Me he enterado de casualidad, cuando mi compa\u00f1ero Grant ha [&hellip;]<\/p>\n","protected":false},"author":3,"featured_media":0,"comment_status":"open","ping_status":"closed","sticky":false,"template":"","format":"standard","meta":{"footnotes":""},"categories":[],"tags":[],"class_list":["post-300","post","type-post","status-publish","format-standard","hentry"],"_links":{"self":[{"href":"https:\/\/blog.lapecera.ch\/index.php?rest_route=\/wp\/v2\/posts\/300","targetHints":{"allow":["GET"]}}],"collection":[{"href":"https:\/\/blog.lapecera.ch\/index.php?rest_route=\/wp\/v2\/posts"}],"about":[{"href":"https:\/\/blog.lapecera.ch\/index.php?rest_route=\/wp\/v2\/types\/post"}],"author":[{"embeddable":true,"href":"https:\/\/blog.lapecera.ch\/index.php?rest_route=\/wp\/v2\/users\/3"}],"replies":[{"embeddable":true,"href":"https:\/\/blog.lapecera.ch\/index.php?rest_route=%2Fwp%2Fv2%2Fcomments&post=300"}],"version-history":[{"count":0,"href":"https:\/\/blog.lapecera.ch\/index.php?rest_route=\/wp\/v2\/posts\/300\/revisions"}],"wp:attachment":[{"href":"https:\/\/blog.lapecera.ch\/index.php?rest_route=%2Fwp%2Fv2%2Fmedia&parent=300"}],"wp:term":[{"taxonomy":"category","embeddable":true,"href":"https:\/\/blog.lapecera.ch\/index.php?rest_route=%2Fwp%2Fv2%2Fcategories&post=300"},{"taxonomy":"post_tag","embeddable":true,"href":"https:\/\/blog.lapecera.ch\/index.php?rest_route=%2Fwp%2Fv2%2Ftags&post=300"}],"curies":[{"name":"wp","href":"https:\/\/api.w.org\/{rel}","templated":true}]}}