{"id":299,"date":"2009-08-27T17:03:00","date_gmt":"2009-08-27T15:03:00","guid":{"rendered":"http:\/\/lapecera.ch\/?p=299"},"modified":"2009-08-27T17:03:00","modified_gmt":"2009-08-27T15:03:00","slug":"never-underestimate-the-fact-of-duality","status":"publish","type":"post","link":"https:\/\/blog.lapecera.ch\/?p=299","title":{"rendered":"Never underestimate the fact of duality"},"content":{"rendered":"<p>Ayer fui a hacer una prueba con un grupo de Zurich que escribe sus propias canciones. Bueno componen la m\u00fasica. Al parecer las letras las escrib\u00eda la anterior vocalista y le pertenecen y se las llev\u00f3 consigo. As\u00ed que ayer para cantar con ellos no ten\u00eda letras de las canciones que me interpreteron. Al final, lo intentamos con una canci\u00f3n cuya letra andaba por all\u00ed danzando: &#8220;Changes&#8221;. <\/p>\n<p><a href=\"http:\/\/www.lapecera.ch\/uploaded_images\/arton13-746432.jpg\" rel=\"example3\"><img decoding=\"async\" style=\"float:right; margin:0 0 10px 10px;cursor:pointer; cursor:hand;width: 135px; height: 200px;\" src=\"http:\/\/www.lapecera.ch\/uploaded_images\/arton13-746430.jpg\" border=\"0\" alt=\"\" \/><\/a>El titulo no lo entiendo. La canci\u00f3n no habla de cambiar o cambios o procesos por ninguna parte fO.o En fin&#8230; Como no conoc\u00eda ni letra ni melod\u00eda, lo intentamos solo con la primera estrofa. Me dijeron que improvisara, que no ten\u00eda que cantarla como la anterior cantante (me pusieron una grabaci\u00f3n), pero aunque la m\u00fasica me gustaba -la intro era s\u00faper chula-, la letra me chirriaba y eso que era en ingles&#8230; Pero es que la frase &#8220;never underestimate the fact of duality&#8221; me dejo a cuadros en cuanto la le\u00ed. The fact of duality? \u00bfQue hace ese concepto filosofico en medio de una canci\u00f3n medio rockera que no tiene nada que ver con el tema? Creo que a la tipa que la escribi\u00f3 le faltaba una s\u00edlaba y lo arregl\u00f3 como pudo. De todas formas, la canci\u00f3n en su conjunto no me gustaba. Imaginaos una cancion de La Oreja de Van Gogh de esas que tienen tan abstractas que ni ellos saben de que va la letra pero en ingles y con tono negativo (a lo gothic heavy), pero tocada a lo funky rock. \u00a1Hace aguas! <\/p>\n<p>En fin, dejando de lado al funk, el viernes tengo una prueba con un coro de estos que cantan cosas chulas, en plan gospel y esas cosas. Es peque\u00f1ito y es pa probar a ver que pasa. De todas formas yo sigo buscando un grupo donde encaje. Como siga as\u00ed, me veo montandolo yo misma v.v<\/p>\n<p>Por lo dem\u00e1s el caos de proyecto del 3.1 se ha multiplicado por cuatro desde que las baselines han aparecido en escena como tema de conversaci\u00f3n pero bueno ya se solucionara todo, como diria el Migros, &#8220;so oder so&#8221; xD<\/p>\n<p>Por otro lado, estos \u00faltimos d\u00edas de atr\u00e1s he visto un mont\u00f3n de peliculas&#8230; de las de matar neuronas, \u00a1ojo! No vay\u00e1is a pensar que he cambiado mis h\u00e1bitos en este terreno xD Para ser concretos he visto: &#8220;Angus, Thongs and perfect snogging&#8221; dirigida por Gurinder Chadha. Esta divertida y el chico que hace del Sex God es monisimo *___* Luego he visto &#8220;Failure to launch&#8221; con Matthew McConaughey y Sarah Jessica Parker, que no me pareci\u00f3 gran cosa, aunque sale Zooey Deschanel que me encanta y Justin Bartha es s\u00faper divertido, &#8220;Fire &#038; Ice: The Dragon Chronicles&#8221;, una producci\u00f3n rumana para la tele, que aparte de unos protagonistas monos, es mas mala que picio xD y &#8220;The Hottie and the nottie&#8221;, que es mala a rabiar, pero me gustaron los protagonistas, Joel Moore y Christine Lakin. Y luego he vuelto a ver &#8220;Sydney White&#8221; y &#8220;27 Dresses&#8221;, que me hacen re\u00edr como una idiota xDDD Tambi\u00e9n he intentado ver de nuevo &#8220;La Gruta de la Rosa de Oro&#8221; que hace a\u00f1os fue la que impuls\u00f3 que empezase a escribir (de ah\u00ed sali\u00f3 de alguna forma &#8220;Cecilia&#8221;, \u00bfalguien la ha le\u00eddo? \u00bfes mala, a que s\u00ed?). Y digo, que lo intent\u00e9 porque, aparte de que la tengo en alem\u00e1n y el doblaje es tan malo como el espa\u00f1ol, la historia ya no me gust\u00f3 tanto como cuando la vi hace 15 a\u00f1os y acab\u00e9 viendo s\u00f3lo los momentos que mejor recordaba y que me hab\u00edan gustado. Eso s\u00ed, los ojos del Kim Rossi Stuart me siguen pareciendo igual de bonitos *____*<\/p>\n<p>Algo m\u00e1s quer\u00eda contar pero ya no me acuerdo y ya va siendo hora de que me pire, que este a\u00f1o hay que reducir las horas extras xDD Voy a ver si me paso por la pelu a que me corten el flequillo que ya molesta \ud83d\ude42<\/p>\n<p>Con esto y un bizcocho&#8230; Besos<br \/>Cris<\/p>\n<p>PS: Acabo de recibir un e-mail del grupo del miercoles diciendome que no hab\u00eda saltado la chispa de la qu\u00edmica y que no pod\u00edan verme como la cantante de su grupo&#8230; Yo tampoco xDDDD Y si siguen usando las canciones que escribi\u00f3 la otra cantante y siguen sin tener ni idea de c\u00f3mo es la melod\u00eda principal de la parte cantada, chungo lo van a tener xDDD<\/p>\n","protected":false},"excerpt":{"rendered":"<p>Ayer fui a hacer una prueba con un grupo de Zurich que escribe sus propias canciones. Bueno componen la m\u00fasica. Al parecer las letras las escrib\u00eda la anterior vocalista y le pertenecen y se las llev\u00f3 consigo. As\u00ed que ayer para cantar con ellos no ten\u00eda letras de las canciones que me interpreteron. Al final, [&hellip;]<\/p>\n","protected":false},"author":3,"featured_media":0,"comment_status":"open","ping_status":"closed","sticky":false,"template":"","format":"standard","meta":{"footnotes":""},"categories":[],"tags":[],"class_list":["post-299","post","type-post","status-publish","format-standard","hentry"],"_links":{"self":[{"href":"https:\/\/blog.lapecera.ch\/index.php?rest_route=\/wp\/v2\/posts\/299","targetHints":{"allow":["GET"]}}],"collection":[{"href":"https:\/\/blog.lapecera.ch\/index.php?rest_route=\/wp\/v2\/posts"}],"about":[{"href":"https:\/\/blog.lapecera.ch\/index.php?rest_route=\/wp\/v2\/types\/post"}],"author":[{"embeddable":true,"href":"https:\/\/blog.lapecera.ch\/index.php?rest_route=\/wp\/v2\/users\/3"}],"replies":[{"embeddable":true,"href":"https:\/\/blog.lapecera.ch\/index.php?rest_route=%2Fwp%2Fv2%2Fcomments&post=299"}],"version-history":[{"count":0,"href":"https:\/\/blog.lapecera.ch\/index.php?rest_route=\/wp\/v2\/posts\/299\/revisions"}],"wp:attachment":[{"href":"https:\/\/blog.lapecera.ch\/index.php?rest_route=%2Fwp%2Fv2%2Fmedia&parent=299"}],"wp:term":[{"taxonomy":"category","embeddable":true,"href":"https:\/\/blog.lapecera.ch\/index.php?rest_route=%2Fwp%2Fv2%2Fcategories&post=299"},{"taxonomy":"post_tag","embeddable":true,"href":"https:\/\/blog.lapecera.ch\/index.php?rest_route=%2Fwp%2Fv2%2Ftags&post=299"}],"curies":[{"name":"wp","href":"https:\/\/api.w.org\/{rel}","templated":true}]}}