{"id":294,"date":"2009-07-31T17:01:00","date_gmt":"2009-07-31T15:01:00","guid":{"rendered":"http:\/\/lapecera.ch\/?p=294"},"modified":"2009-07-31T17:01:00","modified_gmt":"2009-07-31T15:01:00","slug":"have-you-ever-seen-the-rain","status":"publish","type":"post","link":"https:\/\/blog.lapecera.ch\/?p=294","title":{"rendered":"Have you ever seen the rain&#8230;"},"content":{"rendered":"<blockquote><p>&#8230;coming down on a sunny day?<\/p><\/blockquote>\n<p><a href=\"http:\/\/www.lapecera.ch\/uploaded_images\/lluvia-737541.jpg\" rel=\"example3\"><img decoding=\"async\" style=\"FLOAT: left; MARGIN: 0px 10px 10px 0px; WIDTH: 200px; CURSOR: hand; HEIGHT: 133px\" alt=\"\" src=\"http:\/\/www.lapecera.ch\/uploaded_images\/lluvia-737204.jpg\" border=\"0\" \/><\/a>El martes sal\u00ed a cenar con mis compa\u00f1eros de trabajo del &#8220;Lunch Group&#8221;. Creo que ya he hablado varias veces del &#8220;Lunch Group&#8221; sin especificar qu\u00e9 y qui\u00e9nes somos xD as\u00ed que lo explico en corto: como su propio nombre indica sobre un grupo que se junta casi todos los d\u00edas para comer juntos. Lo formamos ocho habituales: Silvie, Caroline, Oskar, Ashwini, Lobsang, Stefan, Robert (aunque \u00faltimamente no viene mucho) y yo, y los espor\u00e1dicos que se quieran unir a nosotros. Nos une, aparte de lo evidente y entre otras cosas, el haber empezado casi todos el mismo d\u00eda a trabajar. Sin embargo, somos bastante heterog\u00e9neo, multicultural y multinacional (7 pa\u00edses), hablamos de todo en ingl\u00e9s o en alem\u00e1n, seg\u00fan el d\u00eda y los participantes y nos encanta en general nuestro momento &#8220;off&#8221; del mediod\u00eda. Y todos estamos de acuerdo que la comida de la cantina es m\u00e1s bien malilla, excepto las ensaladas xDD<\/p>\n<p>Despu\u00e9s de casi un a\u00f1o en la empresa hace unas semanas decidimos que nos ir\u00edamos &#8220;after work&#8221; a tomar algo todos juntos, exceptuando Lobsang que siempre tiene una excusa para no venir a nuestros eventos \u00ac\u00ac y Robert que, aunque es un habitual s\u00f3lo se pasa espor\u00e1dicamente xDDD La idea principal era ir al club de remo de Silvie y probar a remar, ba\u00f1arnos en el lago y hacer barbacoa, pero \u00a1oh! el martes por la ma\u00f1ana, Tom, el hijo de Silvie, amaneci\u00f3 con varicela&#8230; Aunque ella segu\u00eda dispuesta a perpetrar la idea inicial, acabamos yendo a cenar a un restaurante en el centro (&#8220;Reiterhalle&#8221;).<\/p>\n<p>Durante la cena Stefan nos cont\u00f3 que lo m\u00e1s probable es que tenga que casarse con su novia australiana Kate para que ella pueda quedarse en Suiza. De otra manera, ella tendr\u00eda que volverse a casa (o a Inglaterra) por un mes antes de poder volver a Suiza. Es el problema de venir de las ant\u00edpodas, oye&#8230; El pobre muchacho no estaba muy convencido, le parec\u00eda que casarse por el permiso de residencia no es una buena base para un matrimonio. Quiz\u00e1 tenga raz\u00f3n, pero eso nunca se sabe&#8230; Caroline le pregunt\u00f3 si a Kate le gustaba el pa\u00eds y quer\u00eda quedarse, y \u00e9l nos cont\u00f3 que le encanta, que sobre todo disfruta de la lluvia y de los d\u00edas fr\u00edos.<\/p>\n<p><a href=\"http:\/\/www.lapecera.ch\/uploaded_images\/gewitter-767700.jpg\" rel=\"example3\"><img decoding=\"async\" style=\"FLOAT: right; MARGIN: 0px 0px 10px 10px; WIDTH: 200px; CURSOR: hand; HEIGHT: 119px\" alt=\"\" src=\"http:\/\/www.lapecera.ch\/uploaded_images\/gewitter-767698.jpg\" border=\"0\" \/><\/a>De ah\u00ed viene el t\u00edtulo del sol (\u00a1jez\u00fa, hay que ver lo que me enrollo para explicar un t\u00edtulo!): yo, que vengo de un lugar donde llueve hasta en verano y hace frio pr\u00e1cticamente todo el a\u00f1o, a\u00f1oro un lugar c\u00e1lido donde pueda usar camisetas de manga corta y tirantes y faldas y sandalias durante m\u00e1s tiempo (\u00a1que me explique alguien que c*** hago yo en este pa\u00eds! fO.o) y ella, que viene de la casi des\u00e9rtica Australia, quiere lluvia y pasar fr\u00edo&#8230; \u00bfNo es interesante? Me llama much\u00edsimo la atenci\u00f3n, supongo que es como quien no ha visto casi nunca el mar y lo a\u00f1ora o quien ve por primera vez nevar (lease Ashwini xD)&#8230; Para m\u00ed la lluvia es m\u00e1s un engorro que cualquier otra cosa, aunque adoro las tormentas&#8230; Tengo curiosidad por hablar con ella y tengo muchas ganas de conocerla, Caroline dice que es un encanto de chica, espero que se venga a la fiesta de la boda de Caroline la semana que viene *___* <\/p>\n<p>Hoy, si me deja 3.1.B, me voy de camping a un sitio llamado Euthal al lado del lago del Sihl&#8230; por all\u00e1 palante&#8230; cerca de Einsiedeln fO.o Ma\u00f1ana se supone que el tiempo ser\u00e1 bueno y podremos celebrar el 1 de agosto vagueando como es debido porque a m\u00ed el domingo me tocar\u00e1 trabajar&#8230; probablemente v.v <\/p>\n<p>\u00a1Que pas\u00e9is un buen fin de semana! \ud83d\ude09<\/p>\n<p>Con esto y un bizcocho&#8230; Besos<br \/>Cris<\/p>\n","protected":false},"excerpt":{"rendered":"<p>&#8230;coming down on a sunny day? El martes sal\u00ed a cenar con mis compa\u00f1eros de trabajo del &#8220;Lunch Group&#8221;. Creo que ya he hablado varias veces del &#8220;Lunch Group&#8221; sin especificar qu\u00e9 y qui\u00e9nes somos xD as\u00ed que lo explico en corto: como su propio nombre indica sobre un grupo que se junta casi todos [&hellip;]<\/p>\n","protected":false},"author":3,"featured_media":0,"comment_status":"open","ping_status":"closed","sticky":false,"template":"","format":"standard","meta":{"footnotes":""},"categories":[],"tags":[],"class_list":["post-294","post","type-post","status-publish","format-standard","hentry"],"_links":{"self":[{"href":"https:\/\/blog.lapecera.ch\/index.php?rest_route=\/wp\/v2\/posts\/294","targetHints":{"allow":["GET"]}}],"collection":[{"href":"https:\/\/blog.lapecera.ch\/index.php?rest_route=\/wp\/v2\/posts"}],"about":[{"href":"https:\/\/blog.lapecera.ch\/index.php?rest_route=\/wp\/v2\/types\/post"}],"author":[{"embeddable":true,"href":"https:\/\/blog.lapecera.ch\/index.php?rest_route=\/wp\/v2\/users\/3"}],"replies":[{"embeddable":true,"href":"https:\/\/blog.lapecera.ch\/index.php?rest_route=%2Fwp%2Fv2%2Fcomments&post=294"}],"version-history":[{"count":0,"href":"https:\/\/blog.lapecera.ch\/index.php?rest_route=\/wp\/v2\/posts\/294\/revisions"}],"wp:attachment":[{"href":"https:\/\/blog.lapecera.ch\/index.php?rest_route=%2Fwp%2Fv2%2Fmedia&parent=294"}],"wp:term":[{"taxonomy":"category","embeddable":true,"href":"https:\/\/blog.lapecera.ch\/index.php?rest_route=%2Fwp%2Fv2%2Fcategories&post=294"},{"taxonomy":"post_tag","embeddable":true,"href":"https:\/\/blog.lapecera.ch\/index.php?rest_route=%2Fwp%2Fv2%2Ftags&post=294"}],"curies":[{"name":"wp","href":"https:\/\/api.w.org\/{rel}","templated":true}]}}