{"id":293,"date":"2009-07-27T21:02:00","date_gmt":"2009-07-27T19:02:00","guid":{"rendered":"http:\/\/lapecera.ch\/?p=293"},"modified":"2009-07-27T21:02:00","modified_gmt":"2009-07-27T19:02:00","slug":"2009-rescate-en-eppenberg","status":"publish","type":"post","link":"https:\/\/blog.lapecera.ch\/?p=293","title":{"rendered":"2009: Rescate en Eppenberg"},"content":{"rendered":"<p>Dicen que cada d\u00eda es una aventura y la m\u00eda del s\u00e1bado es para partirse el culo durante un buen rato.<\/p>\n<p>El s\u00e1bado, despu\u00e9s de media hora buscando una tienda que ya no existe, Christoph y yo nos fu\u00edmos en busca del <em>Kletterngarten<\/em> (agredecer\u00e9 a aquel\/la que me diga c\u00f3mo se llama esto en castellano) de Eppenberg. Encontrarlo no fue especialmente dif\u00edcil y enseguida Christoph se puso a escalar una ruta para ni\u00f1os facilita (una 3a que s\u00f3lo necesit\u00f3 3 Express) mientras yo le aseguraba. Luego sub\u00ed yo y a la siguiente prob\u00f3 \u00e9l de nuevo. El sitio para asegurar era m\u00e1s bien estrecho y Christoph pesa m\u00e1s que yo, as\u00ed que si tengo que bloquearle la cuerda, me suele arrastrar un poquito&#8230; Al poco de empezar a subir al tirar para darle cuerda, de alguna forma golpe\u00e9 sus zapatos que estaban muy bien colocados (lease la iron\u00eda) y se cay\u00f3 un zapato y su calcet\u00edn por el bosque que hab\u00eda por abajo, \u00a1chachi! Como no estaba empinao aquello ni nada v.v y encima lleno de hojarasca y h\u00famedo de la lluvia que hab\u00eda ca\u00eddo el viernes \u00ac\u00ac <\/p>\n<p>Cuando Christoph baj\u00f3, me intern\u00e9 en la hojarasca y las ramas caidas en busca del zapatos&#8230; Por desgracia, en cuando alcanc\u00e9 el zapato, el calcet\u00edn que estaba hecho una bola rod\u00f3 un cacho m\u00e1s pabajo entre m\u00e1s \u00e1rboles. Volv\u00ed a subir a ver d\u00f3nde hab\u00eda ido a parar y casi me mato subiendo&#8230; Si hubiese sido mi calcet\u00edn ya podr\u00edan haberle dado mucho polsaco porque no bajaba a buscarlo, pero como era el de Christoph y no paraba de llorar que si era su calcet\u00edn, que si quer\u00eda recuperarlo&#8230; decid\u00ed iniciar la operaci\u00f3n rescate xDD \u00bfC\u00f3mo lo hice? Pues como por abajo no se pod\u00eda subir porque hab\u00eda quedado en una roca, me asegur\u00e9 c\u00f3mo si fuera a escalar y con la cuerda a\u00fan colocada en la ruta y los express baj\u00e9 mientras Christoph me aseguraba&#8230; Acab\u00e9 de rodillas entre la manta de hojas secas y el barro varias veces, pero \u00a1oye! El calcet\u00edn volvi\u00f3 a su due\u00f1o sano y salvo (\u00a1pero, joer, qu\u00e9 dolor de manos de agarrarme a la cuerda! v.v). En fin&#8230;<\/p>\n<p><a href=\"http:\/\/www.lapecera.ch\/uploaded_images\/Image061-765365.jpg\" rel=\"example3\"><img decoding=\"async\" style=\"float:right; margin:0 0 10px 10px;cursor:pointer; cursor:hand;width: 160px; height: 200px;\" src=\"http:\/\/www.lapecera.ch\/uploaded_images\/Image061-765357.jpg\" border=\"0\" alt=\"\" \/><\/a>El domingo tuvo lugar mi segunda aventura del fin de semana, bueno, aventura, aventura no fue&#8230; Pero fue un logro y estoy muy orgullosa de mi misma porque el domingo sub\u00ed al <a href=\"http:\/\/en.wikipedia.org\/wiki\/Unterer_Hauenstein_Pass\" target=\"_blank\">Hauenstein<\/a> en bici, paso de monta\u00f1a que conecta Basel con Solothurn. Cierto es que tuve que hacer dos paradas para recuperar fuerzas, pero llegu\u00e9 arriba, llegu\u00e9 xDDD Y la prueba est\u00e1 en la foto xDDD Mi ferrari y la se\u00f1al que confirma que has llegado al punto m\u00e1s alto de la carretera ^____^ Desde 396m hasta 690m, yeah!!<\/p>\n<p>Y na, hoy de vuelta al trabajo me ha ca\u00eddo una especie de bronca por dar la informaci\u00f3n de una manera un poco brusca, o mejor dicho, por trabajar de acuerdo a mis propias prioridades y no las de los dem\u00e1s&#8230; En fin&#8230; Voy aprendiendo&#8230; \u00ac\u00ac Pero de todas formas estoy contenta porque hoy he podido comprarme en la estaci\u00f3n yogures de <a href=\"http:\/\/www.biomilk.ch\" target=\"_blank\">BioMilk<\/a>, que los prob\u00e9 durante las vacaciones en Munt-La-Reita y no pican, como dir\u00eda Emma xDDD No son tan \u00e1cidos como los de Migros o Coop y encima el yogur de lim\u00f3n est\u00e1 buen\u00edsimo (y el de <a href=\"http:\/\/es.wikipedia.org\/wiki\/Hippophae_rhamnoides\" target=\"_blank\"><em>Sanddorn<\/em><\/a> que prob\u00e9 hoy *____*). Ma\u00f1ana mirar\u00e9 a ver si en la otra tienda tienen el de lim\u00f3n&#8230; Si lo tienen, ser\u00e9 feliz para el resto de la semana, da igual lo que pase con el 3.1.B *___*<\/p>\n<p>Y ahora me voy a ver qu\u00e9 quiere Christoph \u00ac\u00ac<\/p>\n<p>Con esto y un bizcocho&#8230; Besos<br \/>Cris<\/p>\n","protected":false},"excerpt":{"rendered":"<p>Dicen que cada d\u00eda es una aventura y la m\u00eda del s\u00e1bado es para partirse el culo durante un buen rato. El s\u00e1bado, despu\u00e9s de media hora buscando una tienda que ya no existe, Christoph y yo nos fu\u00edmos en busca del Kletterngarten (agredecer\u00e9 a aquel\/la que me diga c\u00f3mo se llama esto en castellano) [&hellip;]<\/p>\n","protected":false},"author":3,"featured_media":0,"comment_status":"open","ping_status":"closed","sticky":false,"template":"","format":"standard","meta":{"footnotes":""},"categories":[],"tags":[],"class_list":["post-293","post","type-post","status-publish","format-standard","hentry"],"_links":{"self":[{"href":"https:\/\/blog.lapecera.ch\/index.php?rest_route=\/wp\/v2\/posts\/293","targetHints":{"allow":["GET"]}}],"collection":[{"href":"https:\/\/blog.lapecera.ch\/index.php?rest_route=\/wp\/v2\/posts"}],"about":[{"href":"https:\/\/blog.lapecera.ch\/index.php?rest_route=\/wp\/v2\/types\/post"}],"author":[{"embeddable":true,"href":"https:\/\/blog.lapecera.ch\/index.php?rest_route=\/wp\/v2\/users\/3"}],"replies":[{"embeddable":true,"href":"https:\/\/blog.lapecera.ch\/index.php?rest_route=%2Fwp%2Fv2%2Fcomments&post=293"}],"version-history":[{"count":0,"href":"https:\/\/blog.lapecera.ch\/index.php?rest_route=\/wp\/v2\/posts\/293\/revisions"}],"wp:attachment":[{"href":"https:\/\/blog.lapecera.ch\/index.php?rest_route=%2Fwp%2Fv2%2Fmedia&parent=293"}],"wp:term":[{"taxonomy":"category","embeddable":true,"href":"https:\/\/blog.lapecera.ch\/index.php?rest_route=%2Fwp%2Fv2%2Fcategories&post=293"},{"taxonomy":"post_tag","embeddable":true,"href":"https:\/\/blog.lapecera.ch\/index.php?rest_route=%2Fwp%2Fv2%2Ftags&post=293"}],"curies":[{"name":"wp","href":"https:\/\/api.w.org\/{rel}","templated":true}]}}